{"id":227053,"date":"2026-01-13T19:15:17","date_gmt":"2026-01-13T19:15:17","guid":{"rendered":"https:\/\/www.europesays.com\/pt\/227053\/"},"modified":"2026-01-13T19:15:17","modified_gmt":"2026-01-13T19:15:17","slug":"avaliacao-cientifica-confirma-as-propriedades-que-levaram-o-creme-nivea-a-ser-um-fenomeno-mundial-noticias-de-hoje","status":"publish","type":"post","link":"https:\/\/www.europesays.com\/pt\/227053\/","title":{"rendered":"Avalia\u00e7\u00e3o cient\u00edfica confirma as propriedades que levaram o creme Nivea a ser um fen\u00f3meno mundial &#8211; Not\u00edcias de hoje"},"content":{"rendered":"<p>Alguns cosm\u00e9ticos atravessam gera\u00e7\u00f5es e continuam a conquistar utilizadores pela sua efic\u00e1cia e versatilidade, resistindo \u00e0s tend\u00eancias passageiras e \u00e0 inova\u00e7\u00e3o constante. O cl\u00e1ssico creme Nivea de lata azul, destacou-se recentemente em testes laboratoriais da Organiza\u00e7\u00e3o de Consumidores e Utilizadores\u00a0(OCU), sendo elogiado por dermatologistas pela sua capacidade de hidrata\u00e7\u00e3o e prote\u00e7\u00e3o da pele.<\/p>\n<p>De acordo com a revista <a href=\"https:\/\/www.clara.es\/belleza\/ocu-dermatologos-coinciden-tras-dos-semanas-uso-nivea-lata-azul-hidratacion_45163\" target=\"_blank\" rel=\"nofollow noopener\">Clara<\/a>, ap\u00f3s um teste de hidrata\u00e7\u00e3o realizado em laborat\u00f3rio com 20 volunt\u00e1rios, onde o creme foi aplicado duas vezes por dia durante duas semanas, a OCU concluiu que a Nivea de lata azul apresenta uma capacidade de hidrata\u00e7\u00e3o elevada, avaliada em quatro estrelas.<\/p>\n<p>O estudo comparou a zona da pele tratada com o creme com uma \u00e1rea controlada, permitindo medir objetivamente a sua efic\u00e1cia, e os resultados confirmaram que o creme cumpre de forma consistente a sua fun\u00e7\u00e3o principal: deixar a pele suave, nutrida e confort\u00e1vel.<\/p>\n<p>O sucesso da Nivea de lata azul reside na simplicidade da sua f\u00f3rmula. Ingredientes cl\u00e1ssicos, como parafina e petrolatos, criam uma barreira que evita a perda de \u00e1gua, enquanto a lanolina e as ceras conferem uma textura rica e efeito nutritivo, e a glicerina melhora a suavidade e mant\u00e9m a hidrata\u00e7\u00e3o.<\/p>\n<p>Segundo os dermatologistas, este produto \u00e9\u00a0ideal para quem procura hidrata\u00e7\u00e3o de qualidade sem recorrer a f\u00f3rmulas complexas ou tratamentos caros. Mesmo d\u00e9cadas ap\u00f3s a sua cria\u00e7\u00e3o, o creme continua a provar que menos pode ser mais, oferecendo conforto, hidrata\u00e7\u00e3o e prote\u00e7\u00e3o para a pele de forma pr\u00e1tica e confi\u00e1vel.<\/p>\n","protected":false},"excerpt":{"rendered":"Alguns cosm\u00e9ticos atravessam gera\u00e7\u00f5es e continuam a conquistar utilizadores pela sua efic\u00e1cia e versatilidade, resistindo \u00e0s tend\u00eancias passageiras&hellip;\n","protected":false},"author":2,"featured_media":227054,"comment_status":"","ping_status":"","sticky":false,"template":"","format":"standard","meta":{"footnotes":""},"categories":[83],"tags":[88,43660,89,90,21171,488,13,12559,32,33],"class_list":{"0":"post-227053","1":"post","2":"type-post","3":"status-publish","4":"format-standard","5":"has-post-thumbnail","7":"category-empresas","8":"tag-business","9":"tag-creme-nivea","10":"tag-economy","11":"tag-empresas","12":"tag-hidratacao","13":"tag-iol","14":"tag-noticias","15":"tag-pele","16":"tag-portugal","17":"tag-pt"},"share_on_mastodon":{"url":"https:\/\/pubeurope.com\/@pt\/115889394385500983","error":""},"_links":{"self":[{"href":"https:\/\/www.europesays.com\/pt\/wp-json\/wp\/v2\/posts\/227053","targetHints":{"allow":["GET"]}}],"collection":[{"href":"https:\/\/www.europesays.com\/pt\/wp-json\/wp\/v2\/posts"}],"about":[{"href":"https:\/\/www.europesays.com\/pt\/wp-json\/wp\/v2\/types\/post"}],"author":[{"embeddable":true,"href":"https:\/\/www.europesays.com\/pt\/wp-json\/wp\/v2\/users\/2"}],"replies":[{"embeddable":true,"href":"https:\/\/www.europesays.com\/pt\/wp-json\/wp\/v2\/comments?post=227053"}],"version-history":[{"count":0,"href":"https:\/\/www.europesays.com\/pt\/wp-json\/wp\/v2\/posts\/227053\/revisions"}],"wp:featuredmedia":[{"embeddable":true,"href":"https:\/\/www.europesays.com\/pt\/wp-json\/wp\/v2\/media\/227054"}],"wp:attachment":[{"href":"https:\/\/www.europesays.com\/pt\/wp-json\/wp\/v2\/media?parent=227053"}],"wp:term":[{"taxonomy":"category","embeddable":true,"href":"https:\/\/www.europesays.com\/pt\/wp-json\/wp\/v2\/categories?post=227053"},{"taxonomy":"post_tag","embeddable":true,"href":"https:\/\/www.europesays.com\/pt\/wp-json\/wp\/v2\/tags?post=227053"}],"curies":[{"name":"wp","href":"https:\/\/api.w.org\/{rel}","templated":true}]}}