{"id":227061,"date":"2026-01-13T19:19:15","date_gmt":"2026-01-13T19:19:15","guid":{"rendered":"https:\/\/www.europesays.com\/pt\/227061\/"},"modified":"2026-01-13T19:19:15","modified_gmt":"2026-01-13T19:19:15","slug":"livian-araga%cc%83o-celebra-91-anos-do-pai-renato-aragao-nosso-eterno-didi-moco-extra-online","status":"publish","type":"post","link":"https:\/\/www.europesays.com\/pt\/227061\/","title":{"rendered":"Li\u0301vian Araga\u0303o celebra 91 anos do pai, Renato Arag\u00e3o: &#039;Nosso eterno Didi Moc\u00f3&#039; &#8211; Extra online"},"content":{"rendered":"<ol>\n<li><a href=\"https:\/\/news.google.com\/rss\/articles\/CBMingFBVV95cUxNZUhFZzBSY0hmdkMxSHlPcGJpbHpIQUNxWmVoSU0wVWIxR29MZG93d0t6WXVpUm51ZTI1T0IxM3dpUkN6N09yQ0VYekppc1ZFOXVSdHBvc1ZIMVRiUmFRMklEcmwtNU1oOEg5Wms5T1NaOEt3SlBkdTlfNEd3MFNuVjVTaFlLX0h6ZUp6aDJ6VWNmSURad2lrd0RmbUlzQdIBrAFBVV95cUxOcUhTaGdWeTRKR0o3WmNiaUNiQ25xSm9lUS0xOGN0MTlqaXZEMkJYbFhSYkpJd1pRdWNUc1l1cTBYdXJNM0t6YVJSV1ZCamJqQS02WE5zbDNwc012WEJ2OWYtb09DWTdnVm5KOHhQRlVvbzhjQkpVY185NjJnUFBtV29ZZ1ZTdFlrU2sza1pHZmRWZWZlMjIxbVJ2MXFPZHpGOXBTdFYyMk1sdlpK?oc=5\" target=\"_blank\" rel=\"nofollow noopener\">Li\u0301vian Araga\u0303o celebra 91 anos do pai, Renato Arag\u00e3o: &#8216;Nosso eterno Didi Moc\u00f3&#8217;<\/a>&nbsp;&nbsp;Extra online<\/li>\n<li><a href=\"https:\/\/news.google.com\/rss\/articles\/CBMi2wFBVV95cUxPVzlBQ3dUZVVZTWkwLWtsblpRZXYtckMtWFFEUW1jRVVlR0dRb1poM054TGhQX1hzZVJ6ZGstUzY2Mkp0OWhPdTNlSkdTaE5JNC0xUk10SWV2VFZtWjFkajZKWm1pWGZTUTgwQ2xmRDd2TFI3cWFJZjVUWTkzUkFOVUhjdHp1VXFLdzlsaHlNblpOY1ZGeldpV2VTNjVNQWl2SnJLVFpoMmFBd19nV1pvR1F2OGk0M3Q0emVfSmNDTHhsVFplV2lFaXM0Rm1YMkVPYUg0c2h6ZnNwTEXSAeoBQVVfeXFMTUJGSm5xalBwdmhTY1Yxa3ZIcUZEMWk2UmZaVXZPR2VEY09yaF9XTW1pbjh3a3lYbkhJdTJZRXlFeGNFRUVERlg4U3M2S2o2VzNqcHBxOHp1Y0RrY2pyMmxhandJcFpKTkM0UGhGMFlIbW9nekxXRTVrNlZiSTFINVdvUWhIYTBqZ2VYcU9MX2tQakhhSkkzdUZJbHgwS2I0QVVreHpfQUpTS1dCanhDTUpzZlV2azZIdC1qZGthZHZLOGlYYTM3aWFpOFdIb3BDNk9UbGFoYm80YV9sYmpyN2NhS0QzT005Vzdn?oc=5\" target=\"_blank\" rel=\"nofollow noopener\">L\u00edvian Arag\u00e3o celebra 91 anos do pai, Renato Arag\u00e3o: &#8216;Eterno Didi Moc\u00f3&#8217;<\/a>&nbsp;&nbsp;Globo<\/li>\n<li><a href=\"https:\/\/news.google.com\/rss\/articles\/CBMiyAFBVV95cUxNWHp5NlVPdFMzaFpnSTM0MkFzOUJONlc0VU5kb3pIamFPa0NxTEtHMy1CeUhYT01sQ2lFT0J3cDlaRk5rbXgzNGFZQXNNZEVQZnNWS0pIaUxkNHk4dWY1Z1p4S2hEOTFhZVJMdkpyeHN4Ny1fRGJNZUpCRDI3Y2hMVDg3RXdtbWd4ZDI2SVlueDlwWmFqUmx3eFQ2TFNzYjItekZyMjJuQzh2bVBJb28xVG5XamJ2c1JSeVBNRTZ0ZFhMTnd4UVBVTg?oc=5\" target=\"_blank\" rel=\"nofollow noopener\">Achados &amp; Perdidos: Em filme de 1986, Pel\u00e9 contracenando com o aniversariante Renato Arag\u00e3o<\/a>&nbsp;&nbsp;Terceiro Tempo<\/li>\n<li><a href=\"https:\/\/news.google.com\/rss\/articles\/CBMisgFBVV95cUxPYUZUeDlDNGp0Y2ZfTmFoZzZFcGl3UTlVSEZxWDRMN1RfRkItYzduMEdPQ3dpRmt3UzhtQ09Eam9fQUJRLUVNYnRISDYydWx4MmlDcE4zN3lVVUFOSmhMUjcxMkJ1ZkNUWS1sbG03QkxzLWxzZHhRNVRkWWhXNEVidldtdWRxaGVhdmNsWjVsU0VFWi1IVUJqRTFEZW1wSnEweWprMUxmUDNmeDRscXNiS2ln?oc=5\" target=\"_blank\" rel=\"nofollow noopener\">Renato Arag\u00e3o completa 91 anos e filha se declara: &#8220;O mais jovem&#8221;<\/a>&nbsp;&nbsp;Metr\u00f3poles<\/li>\n<li><a href=\"https:\/\/news.google.com\/rss\/articles\/CBMi2wFBVV95cUxQazE4M3M4aWE1dWhEY2gyX0R5dzZ2aTNNQ25EVW1TQlJNQUlTS1lJYUhyS3pic3RTSjZKVVV2M0lZVDM5T2hoMlJsQzhkOUFaN1JZX3hkV3g1ZDhfY2FvRTk5REJGU0Vnd0V2Ujgtek9RMmVSTk1BTjhOaW1tclIycURNSUc4bzZ4bUpNd2ZZS25xdnBSQndwVmp4TTE4aUFCQUxaWE1uSG5wOVpSTnVpZ3lMYVA5VkxfVWdjck9sMXZhSnd3czZYNl82LUQ3cTJkU0VfdFVZVEVEdnPSAdsBQVVfeXFMTzJOenZtdlZXLTZnVmtyYmVrOVhEeHJFSHJxM041Q1lxb0U4OGhaXzJCRW41eGxvNF8zMWFyUGNaNnB4VXVMZktIWlVxbjkzVEV3RkViMm1uaC1kRFlpVlkzUVp3dk5hb2NtbTE3SGREVXNBZmFDM2hMWVZRZ3ZYc1l6dFo1QkpTVlJkWDFmUkEwamZIeWFIVFpIU3gxcm0wRTQ4WFVKWWlRNnp0bnNJaTAwVW82VU5vWExPMkt2cDVYN3N0Ml9OZU5teUFTRjdtbWFUSFVjaUdMWGdv?oc=5\" target=\"_blank\" rel=\"nofollow noopener\">Renato Arag\u00e3o completa 91 anos em festa \u00edntima; veja fotos<\/a>&nbsp;&nbsp;Portal Uai<\/li>\n<\/ol>\n","protected":false},"excerpt":{"rendered":"Li\u0301vian Araga\u0303o celebra 91 anos do pai, Renato Arag\u00e3o: &#8216;Nosso eterno Didi Moc\u00f3&#8217;&nbsp;&nbsp;Extra online L\u00edvian Arag\u00e3o celebra 91&hellip;\n","protected":false},"author":2,"featured_media":227062,"comment_status":"","ping_status":"","sticky":false,"template":"","format":"standard","meta":{"footnotes":""},"categories":[145],"tags":[211,210,114,115,32,33],"class_list":{"0":"post-227061","1":"post","2":"type-post","3":"status-publish","4":"format-standard","5":"has-post-thumbnail","7":"category-celebridades","8":"tag-celebridades","9":"tag-celebrities","10":"tag-entertainment","11":"tag-entretenimento","12":"tag-portugal","13":"tag-pt"},"share_on_mastodon":{"url":"https:\/\/pubeurope.com\/@pt\/115889410402169272","error":""},"_links":{"self":[{"href":"https:\/\/www.europesays.com\/pt\/wp-json\/wp\/v2\/posts\/227061","targetHints":{"allow":["GET"]}}],"collection":[{"href":"https:\/\/www.europesays.com\/pt\/wp-json\/wp\/v2\/posts"}],"about":[{"href":"https:\/\/www.europesays.com\/pt\/wp-json\/wp\/v2\/types\/post"}],"author":[{"embeddable":true,"href":"https:\/\/www.europesays.com\/pt\/wp-json\/wp\/v2\/users\/2"}],"replies":[{"embeddable":true,"href":"https:\/\/www.europesays.com\/pt\/wp-json\/wp\/v2\/comments?post=227061"}],"version-history":[{"count":0,"href":"https:\/\/www.europesays.com\/pt\/wp-json\/wp\/v2\/posts\/227061\/revisions"}],"wp:featuredmedia":[{"embeddable":true,"href":"https:\/\/www.europesays.com\/pt\/wp-json\/wp\/v2\/media\/227062"}],"wp:attachment":[{"href":"https:\/\/www.europesays.com\/pt\/wp-json\/wp\/v2\/media?parent=227061"}],"wp:term":[{"taxonomy":"category","embeddable":true,"href":"https:\/\/www.europesays.com\/pt\/wp-json\/wp\/v2\/categories?post=227061"},{"taxonomy":"post_tag","embeddable":true,"href":"https:\/\/www.europesays.com\/pt\/wp-json\/wp\/v2\/tags?post=227061"}],"curies":[{"name":"wp","href":"https:\/\/api.w.org\/{rel}","templated":true}]}}