{"id":227084,"date":"2026-01-13T19:34:09","date_gmt":"2026-01-13T19:34:09","guid":{"rendered":"https:\/\/www.europesays.com\/pt\/227084\/"},"modified":"2026-01-13T19:34:09","modified_gmt":"2026-01-13T19:34:09","slug":"ai-que-saudade-que-da-homenageia-o-saudoso-pintor-joaquim-tomas-de-assis-cassilandia","status":"publish","type":"post","link":"https:\/\/www.europesays.com\/pt\/227084\/","title":{"rendered":"&#8220;Ai que saudade que d\u00e1&#8221; homenageia o saudoso pintor Joaquim Tom\u00e1s de Assis &#8211; Cassil\u00e2ndia"},"content":{"rendered":"<p><img decoding=\"async\" src=\"https:\/\/www.europesays.com\/pt\/wp-content\/uploads\/2026\/01\/24rk1xdxia9wc.png\"   width=\"1123\" loading=\"lazy\" alt=\"&quot;Ai que saudade que d\u00e1&quot; homenageia o saudoso pintor Joaquim Tom\u00e1s de Assis\" height=\"632\"\/><\/p>\n<p style=\"text-align:justify;\">O Programa Rotativa no Ar, da R\u00e1dio Patriarca, relembrou na \u00faltima sexta-feira, 09 de janeiro, a trajet\u00f3ria de Joaquim Tom\u00e1s de Assis, cidad\u00e3o que marcou a hist\u00f3ria de Cassil\u00e2ndia pela sua integridade e dedica\u00e7\u00e3o ao trabalho como pintor. Conhecido por circular pela cidade em sua bicicleta, Joaquim faleceu h\u00e1 oito anos, no dia 21 de janeiro.<\/p>\n<p style=\"text-align:justify;\">Durante a homenagem, foi exibida uma fotografia de Joaquim recebendo o t\u00edtulo de cidad\u00e3o cassilandense, ressaltando seu legado honesto e dedicado \u00e0 fam\u00edlia e \u00e0 religi\u00e3o. O apresentador Jo\u00e3o Girotto destacou o privil\u00e9gio de ter sido amigo pessoal de Joaquim, definindo-o como uma pessoa fant\u00e1stica e de extrema import\u00e2ncia para a comunidade local.<\/p>\n<p style=\"text-align:justify;\">Confira:<\/p>\n","protected":false},"excerpt":{"rendered":"O Programa Rotativa no Ar, da R\u00e1dio Patriarca, relembrou na \u00faltima sexta-feira, 09 de janeiro, a trajet\u00f3ria de&hellip;\n","protected":false},"author":2,"featured_media":227085,"comment_status":"","ping_status":"","sticky":false,"template":"","format":"standard","meta":{"footnotes":""},"categories":[144],"tags":[207,205,206,203,201,202,43664,204,114,115,736,997,43663,2790,32,33],"class_list":{"0":"post-227084","1":"post","2":"type-post","3":"status-publish","4":"format-standard","5":"has-post-thumbnail","7":"category-arte-e-design","8":"tag-arte","9":"tag-arte-e-design","10":"tag-artedesign","11":"tag-arts","12":"tag-arts-and-design","13":"tag-artsanddesign","14":"tag-cassilandia","15":"tag-design","16":"tag-entertainment","17":"tag-entretenimento","18":"tag-historia","19":"tag-homenagem","20":"tag-joaquim-tomas-de-assis","21":"tag-memoria","22":"tag-portugal","23":"tag-pt"},"share_on_mastodon":{"url":"https:\/\/pubeurope.com\/@pt\/115889469103043827","error":""},"_links":{"self":[{"href":"https:\/\/www.europesays.com\/pt\/wp-json\/wp\/v2\/posts\/227084","targetHints":{"allow":["GET"]}}],"collection":[{"href":"https:\/\/www.europesays.com\/pt\/wp-json\/wp\/v2\/posts"}],"about":[{"href":"https:\/\/www.europesays.com\/pt\/wp-json\/wp\/v2\/types\/post"}],"author":[{"embeddable":true,"href":"https:\/\/www.europesays.com\/pt\/wp-json\/wp\/v2\/users\/2"}],"replies":[{"embeddable":true,"href":"https:\/\/www.europesays.com\/pt\/wp-json\/wp\/v2\/comments?post=227084"}],"version-history":[{"count":0,"href":"https:\/\/www.europesays.com\/pt\/wp-json\/wp\/v2\/posts\/227084\/revisions"}],"wp:featuredmedia":[{"embeddable":true,"href":"https:\/\/www.europesays.com\/pt\/wp-json\/wp\/v2\/media\/227085"}],"wp:attachment":[{"href":"https:\/\/www.europesays.com\/pt\/wp-json\/wp\/v2\/media?parent=227084"}],"wp:term":[{"taxonomy":"category","embeddable":true,"href":"https:\/\/www.europesays.com\/pt\/wp-json\/wp\/v2\/categories?post=227084"},{"taxonomy":"post_tag","embeddable":true,"href":"https:\/\/www.europesays.com\/pt\/wp-json\/wp\/v2\/tags?post=227084"}],"curies":[{"name":"wp","href":"https:\/\/api.w.org\/{rel}","templated":true}]}}