{"id":227088,"date":"2026-01-13T19:37:12","date_gmt":"2026-01-13T19:37:12","guid":{"rendered":"https:\/\/www.europesays.com\/pt\/227088\/"},"modified":"2026-01-13T19:37:12","modified_gmt":"2026-01-13T19:37:12","slug":"patos-1-noticias-de-patos-de-minas-e-regiao","status":"publish","type":"post","link":"https:\/\/www.europesays.com\/pt\/227088\/","title":{"rendered":"Patos 1 &#8211; Not\u00edcias de Patos de Minas e regi\u00e3o"},"content":{"rendered":"<p>              Morre, aos 77 anos, o radialista e apresentador Walico Pereira<\/p>\n<p>Al\u00e9m de comandar programas na R\u00e1dio Clube 98, Walico apresentou por d\u00e9cadas as Folias de Reis de Patos de Minas <\/p>\n<p class=\"label\">Not\u00edcias | Gerais<\/p>\n<p class=\"date\">13 Janeiro, 2026<\/p>\n<p><\/p>\n<p>                                                <img decoding=\"async\" class=\"img-responsive\" src=\"https:\/\/www.europesays.com\/pt\/wp-content\/uploads\/2026\/01\/770x420-design-2-2.jpg\" alt=\"Morre, aos 77 anos, o radialista e apresentador Walico Pereira\" title=\"Morre, aos 77 anos, o radialista e apresentador Walico Pereira\"\/><\/p>\n<p style=\"margin-block: 0px 0.9rem; color: rgb(0, 0, 0); font-family: Jost, sans-serif; font-size: 17.6px;\">Na noite desta segunda-feira (12), morreu, aos 77 anos, Walico Pereira de Lima, um dos radialistas mais populares e queridos da regi\u00e3o, conhecido carinhosamente como Walico das Folias de Reis.<\/p>\n<p style=\"margin-block: 0px 0.9rem; color: rgb(0, 0, 0); font-family: Jost, sans-serif; font-size: 17.6px;\">Walico construiu uma trajet\u00f3ria hist\u00f3rica na R\u00e1dio Clube, onde iniciou sua carreira em 1968. Ao longo de d\u00e9cadas, comandou diversos programas sertanejos, consolidando-se como uma das principais vozes do r\u00e1dio regional. Seu \u00faltimo programa ia ao ar aos domingos, das 9h ao meio-dia.<\/p>\n<p style=\"margin-block: 0px 0.9rem; color: rgb(0, 0, 0); font-family: Jost, sans-serif; font-size: 17.6px;\">Uma de suas maiores paix\u00f5es era a Campanha das Folias de Reis, uma das atra\u00e7\u00f5es mais tradicionais da emissora. Walico come\u00e7ou a atuar na campanha no in\u00edcio da d\u00e9cada de 1970, ao lado de Patr\u00edcio Filho, falecido em 1997. Desde ent\u00e3o, tornou-se o apresentador oficial do projeto, fun\u00e7\u00e3o que exerceu at\u00e9 o encerramento da campanha de 2025.<\/p>\n<p style=\"margin-block: 0px 0.9rem; color: rgb(0, 0, 0); font-family: Jost, sans-serif; font-size: 17.6px;\">Al\u00e9m do r\u00e1dio, Walico tamb\u00e9m fez parte da equipe esportiva \u201cBola na Rede\u201d, atuando como plant\u00e3o de esportes durante jornadas esportivas, informando os resultados do futebol. Apaixonado pelo esporte, era torcedor fervoroso do Cruzeiro Esporte Clube.<\/p>\n<p style=\"margin-block: 0px 0.9rem; color: rgb(0, 0, 0); font-family: Jost, sans-serif; font-size: 17.6px;\">Nos corredores da emissora, era conhecido pelo bom humor, pelas brincadeiras e pelos\u00a0\u201ccausos\u201d\u00a0que animavam colegas e amigos. Amante da m\u00fasica caipira e da sanfona, fazia quest\u00e3o de utiliz\u00e1-la como fundo musical de seus programas. As Folias de Reis, no entanto, sempre foram sua maior devo\u00e7\u00e3o.<\/p>\n<p style=\"margin-block: 0px 0.9rem; color: rgb(0, 0, 0); font-family: Jost, sans-serif; font-size: 17.6px;\">Walico tamb\u00e9m teve atua\u00e7\u00e3o na vida p\u00fablica, tendo trabalhado no com\u00e9rcio e exercido mandato como vereador na C\u00e2mara Municipal de Patos de Minas.<\/p>\n<p style=\"margin-block: 0px 0.9rem; color: rgb(0, 0, 0); font-family: Jost, sans-serif; font-size: 17.6px;\">A morte de Walico Pereira deixa uma lacuna profunda no Sistema Clube e no r\u00e1dio regional. Carism\u00e1tico, respeitado e extremamente querido pelos ouvintes, ele deixa um legado que marcou gera\u00e7\u00f5es.<\/p>\n<p style=\"margin-block: 0px 0.9rem; color: rgb(0, 0, 0); font-family: Jost, sans-serif; font-size: 17.6px;\">Familiares, amigos e colegas de profiss\u00e3o se despedem de um comunicador que fez hist\u00f3ria. Walico Pereira deixou a sua marca.<\/p>\n<p data-start=\"2389\" data-end=\"2513\" data-is-last-node=\"\" data-is-only-node=\"\" style=\"margin-block: 0px 0.9rem; color: rgb(0, 0, 0); font-family: Jost, sans-serif; font-size: 17.6px;\"><a href=\"https:\/\/www.europesays.com\/pt\/wp-content\/uploads\/2026\/01\/WhatsApp-Image-2026-01-13-at-07.14.26.jpeg\" style=\"color: rgb(51, 51, 102); box-shadow: none;\"><img fetchpriority=\"high\" decoding=\"async\" class=\"alignnone size-full wp-image-130738\" src=\"https:\/\/www.europesays.com\/pt\/wp-content\/uploads\/2026\/01\/WhatsApp-Image-2026-01-13-at-07.14.26.jpeg\" alt=\"\" width=\"1125\" height=\"1477\"   style=\"height: auto; max-width: 100%; border-width: initial; border-style: none; border-radius: 0px; box-shadow: none;\"\/><\/a><\/p>\n<p>Fonte: Clube Not\u00edcia<\/p>\n","protected":false},"excerpt":{"rendered":"Morre, aos 77 anos, o radialista e apresentador Walico Pereira Al\u00e9m de comandar programas na R\u00e1dio Clube 98,&hellip;\n","protected":false},"author":2,"featured_media":227089,"comment_status":"","ping_status":"","sticky":false,"template":"","format":"standard","meta":{"footnotes":""},"categories":[141],"tags":[8040,17237,5968,5751,43670,1342,1561,1300,470,13482,43678,43667,43679,43677,315,38500,476,539,14225,114,115,1062,870,43680,43681,1636,524,43672,1428,43668,43666,43674,3177,1499,43676,62,149,150,13,17236,7709,43665,52,32,43669,33,3551,43671,11521,117,7465,58,11669,43675,43673],"class_list":{"0":"post-227088","1":"post","2":"type-post","3":"status-publish","4":"format-standard","5":"has-post-thumbnail","7":"category-musica","8":"tag-agronegocio","9":"tag-alto-paranaiba","10":"tag-automobilismo","11":"tag-bairros","12":"tag-carmo-do-paranaiba","13":"tag-ciclismo","14":"tag-cidadania","15":"tag-cidade","16":"tag-cinema","17":"tag-concursos","18":"tag-copa-amapar","19":"tag-coromandel","20":"tag-corrida-do-milho","21":"tag-culinaria","22":"tag-cultura","23":"tag-culturais","24":"tag-economia","25":"tag-educacao","26":"tag-empregos","27":"tag-entertainment","28":"tag-entretenimento","29":"tag-esportes","30":"tag-eventos","31":"tag-fenamilho","32":"tag-festa-do-feijao","33":"tag-festas","34":"tag-futebol","35":"tag-guimarania","36":"tag-jornalismo","37":"tag-lagamar","38":"tag-lagoa-formosa","39":"tag-mamore","40":"tag-meio-ambiente","41":"tag-minas-gerais","42":"tag-modulo-ii","43":"tag-mundo","44":"tag-music","45":"tag-musica","46":"tag-noticias","47":"tag-patos-de-minas","48":"tag-patrocinio","49":"tag-policiais","50":"tag-politica","51":"tag-portugal","52":"tag-presidente-olegario","53":"tag-pt","54":"tag-regiao","55":"tag-rio-paranaiba","56":"tag-santana","57":"tag-saude","58":"tag-shows","59":"tag-sociedade","60":"tag-transito","61":"tag-urt","62":"tag-vazante"},"share_on_mastodon":{"url":"","error":"Validation failed: Text character limit of 500 exceeded"},"_links":{"self":[{"href":"https:\/\/www.europesays.com\/pt\/wp-json\/wp\/v2\/posts\/227088","targetHints":{"allow":["GET"]}}],"collection":[{"href":"https:\/\/www.europesays.com\/pt\/wp-json\/wp\/v2\/posts"}],"about":[{"href":"https:\/\/www.europesays.com\/pt\/wp-json\/wp\/v2\/types\/post"}],"author":[{"embeddable":true,"href":"https:\/\/www.europesays.com\/pt\/wp-json\/wp\/v2\/users\/2"}],"replies":[{"embeddable":true,"href":"https:\/\/www.europesays.com\/pt\/wp-json\/wp\/v2\/comments?post=227088"}],"version-history":[{"count":0,"href":"https:\/\/www.europesays.com\/pt\/wp-json\/wp\/v2\/posts\/227088\/revisions"}],"wp:featuredmedia":[{"embeddable":true,"href":"https:\/\/www.europesays.com\/pt\/wp-json\/wp\/v2\/media\/227089"}],"wp:attachment":[{"href":"https:\/\/www.europesays.com\/pt\/wp-json\/wp\/v2\/media?parent=227088"}],"wp:term":[{"taxonomy":"category","embeddable":true,"href":"https:\/\/www.europesays.com\/pt\/wp-json\/wp\/v2\/categories?post=227088"},{"taxonomy":"post_tag","embeddable":true,"href":"https:\/\/www.europesays.com\/pt\/wp-json\/wp\/v2\/tags?post=227088"}],"curies":[{"name":"wp","href":"https:\/\/api.w.org\/{rel}","templated":true}]}}