{"id":227099,"date":"2026-01-13T19:44:06","date_gmt":"2026-01-13T19:44:06","guid":{"rendered":"https:\/\/www.europesays.com\/pt\/227099\/"},"modified":"2026-01-13T19:44:06","modified_gmt":"2026-01-13T19:44:06","slug":"escolhemos-a-dinamarca-afirma-lider-do-governo-da-gronelandia-gronelandia","status":"publish","type":"post","link":"https:\/\/www.europesays.com\/pt\/227099\/","title":{"rendered":"\u201cEscolhemos a Dinamarca\u201d, afirma l\u00edder do governo da Gronel\u00e2ndia | Gronel\u00e2ndia"},"content":{"rendered":"<p>Se forem for\u00e7adas a escolher, as autoridades pol\u00edticas da Gronel\u00e2ndia preferem estar sob a al\u00e7ada da Dinamarca, e n\u00e3o dos EUA, afirmou esta ter\u00e7a-feira o primeiro-ministro do governo aut\u00f3nomo, Jens-Frederik Nielsen, ap\u00f3s uma reuni\u00e3o com a chefe do executivo dinamarqu\u00eas.<\/p>\n<p>Foi como uma frente unida que os dois respons\u00e1veis m\u00e1ximos pelos governos da Gronel\u00e2ndia e da Dinamarca apareceram esta ter\u00e7a-feira, na v\u00e9spera de uma reuni\u00e3o crucial em Washington sobre o <a href=\"https:\/\/www.publico.pt\/2026\/01\/10\/mundo\/noticia\/aconteceu-venezuela-europa-salvar-gronelandia-apetite-trump-2160672\" target=\"_blank\" rel=\"nofollow noopener\">futuro do territ\u00f3rio<\/a> e da crise in\u00e9dita no seio da NATO.<\/p>\n<p>\u201cEstamos perante uma crise geopol\u00edtica, e se tivermos de escolher entre os EUA e a Dinamarca aqui e agora, ent\u00e3o escolhemos a Dinamarca\u201d, afirmou Nielsen ao lado da primeira-ministra dinamarquesa, Mette Frederiksen. \u201cMantemo-nos unidos no Reino da Dinamarca\u201d, acrescentou.<\/p>\n<p>        &#13;<\/p>\n<p>&#13;<br \/>\n                &#13;\n            <\/p>\n<p>&#13;<\/p>\n<p>Por diversas ocasi\u00f5es as autoridades gronelandesas e dinamarquesas fizeram saber que rejeitam as ambi\u00e7\u00f5es territoriais vincadas pelo Presidente norte-americano, Donald Trump, mas esta foi a demonstra\u00e7\u00e3o mais enf\u00e1tica de que essa ideia \u00e9 amplamente afastada.<\/p>\n<p>\u201cToda a gente deve entender uma coisa: a Gronel\u00e2ndia n\u00e3o ser\u00e1 detida pelos EUA, a Gronel\u00e2ndia n\u00e3o ser\u00e1 governada pelos EUA\u201d, declarou Nielsen, referindo-se \u00e0 crise iniciada por Trump como uma quest\u00e3o de \u201cdireito internacional\u201d.<\/p>\n<p>Na v\u00e9spera, o governo da Gronel\u00e2ndia j\u00e1 tinha divulgado um comunicado em que sublinhava que n\u00e3o aceita &#8220;sob qualquer circunst\u00e2ncia&#8221; o controlo do territ\u00f3rio pelos EUA.<\/p>\n<p>Nos \u00faltimos meses, o Presidente norte-americano tem intensificado a press\u00e3o sobre a Gronel\u00e2ndia e a Dinamarca, prometendo vir a <a href=\"https:\/\/www.publico.pt\/2026\/01\/07\/mundo\/noticia\/trump-quer-comprar-gronelandia-dinamarca-ja-vendeu-territorio-eua-passado-2160375\" target=\"_blank\" rel=\"nofollow noopener\">controlar o territ\u00f3rio<\/a> no \u00c1rctico independentemente da vontade expressa pelos seus l\u00edderes ou habitantes, sem excluir a possibilidade de uma <a href=\"https:\/\/www.publico.pt\/2026\/01\/06\/mundo\/noticia\/trump-discute-aquisicao-gronelandia-admite-opcao-militar-2160313\" target=\"_blank\" rel=\"nofollow noopener\">interven\u00e7\u00e3o militar<\/a> para alcan\u00e7ar esse objectivo.<\/p>\n<p>Trump considera que a Dinamarca, que \u00e9 respons\u00e1vel pela defesa do vasto territ\u00f3rio, tem sido incapaz de garantir a sua seguran\u00e7a, argumentando que tem aumentado a circula\u00e7\u00e3o de navios russos e chineses na regi\u00e3o \u2014 uma justifica\u00e7\u00e3o que \u00e9 rejeitada por diplomatas que dizem n\u00e3o haver qualquer ind\u00edcio de que isso seja verdade. Al\u00e9m da vasta riqueza mineral, a Gronel\u00e2ndia assume um particular <a href=\"https:\/\/www.publico.pt\/2026\/01\/10\/mundo\/noticia\/terras-raras-gronelandia-recursos-naturais-interesse-eua-2160680\" target=\"_blank\" rel=\"nofollow noopener\">interesse estrat\u00e9gico<\/a> pela imin\u00eancia de abertura de vias mar\u00edtimas em decorr\u00eancia do degelo causado pelas altera\u00e7\u00f5es clim\u00e1ticas.<\/p>\n<p>A Dinamarca administra h\u00e1 v\u00e1rios s\u00e9culos a Gronel\u00e2ndia e, nas \u00faltimas d\u00e9cadas, tem persistido o compromisso entre as autoridades de Copenhaga e gronelandesas de que o territ\u00f3rio poder\u00e1 vir a ser <a href=\"https:\/\/www.publico.pt\/2025\/03\/12\/mundo\/noticia\/partido-centrodireita-vence-eleicoes-gronelandia-nao-queremos-independencia-amanha-queremos-boa-base-2125612\" target=\"_blank\" rel=\"nofollow noopener\">independente<\/a> \u2014 um objectivo partilhado por todos os partidos pol\u00edticos do territ\u00f3rio com menos de 60 mil habitantes.<\/p>\n<p>Na confer\u00eancia de imprensa desta ter\u00e7a-feira, a primeira-ministra dinamarquesa admitiu que estes t\u00eam sido tempos dif\u00edceis para o pa\u00eds por ter de \u201csuportar uma press\u00e3o totalmente inaceit\u00e1vel do aliado mais pr\u00f3ximo\u201d, reconhecendo, no entanto, que \u201ca parte mais desafiadora ainda est\u00e1 por diante\u201d.<\/p>\n<p>\u201cN\u00e3o estamos \u00e0 procura de um conflito, mas a nossa mensagem \u00e9 clara: a Gronel\u00e2ndia n\u00e3o est\u00e1 \u00e0 venda\u201d, declarou Frederiksen.<\/p>\n<p>O encontro entre os dois chefes de governo antecedeu uma reuni\u00e3o marcada para esta quarta-feira, em Washington, entre os ministros dos Neg\u00f3cios Estrangeiros da Dinamarca e da Gronel\u00e2ndia, Vivian Motzfeldt e Lars Lokke Rasmussen, e o secret\u00e1rio de Estado dos EUA, Marco Rubio, e o vice-presidente, J.D. Vance. \u00c9 expect\u00e1vel que os dois ministros ponham em cima da mesa a rejei\u00e7\u00e3o \u00e0s investidas norte-americanas.<\/p>\n<p>\u201cA nossa raz\u00e3o para termos esta reuni\u00e3o que agora nos foi concedida \u00e9 para levarmos toda esta discuss\u00e3o (\u2026) para uma sala de reuni\u00f5es na qual possamos olhar nos olhos uns dos outros e falar sobre estes assuntos\u201d, disse Rasmussen.<\/p>\n<p>A possibilidade de uma interven\u00e7\u00e3o armada norte-americana para assegurar o controlo sobre a Gronel\u00e2ndia tem alarmado os restantes membros da NATO e a opini\u00e3o generalizada \u00e9 a de que esse cen\u00e1rio iria desferir um golpe mortal na Alian\u00e7a Atl\u00e2ntica.<\/p>\n<p>O secret\u00e1rio-geral da NATO, <a href=\"https:\/\/www.publico.pt\/2026\/01\/12\/mundo\/noticia\/rutte-trump-certas-nato-2160896\" target=\"_blank\" rel=\"nofollow noopener\">Mark Rutte<\/a>, tem tentado evitar comentar o assunto, limitando-se a dizer, nesta ter\u00e7a-feira, que os aliados concordaram em garantir a protec\u00e7\u00e3o do \u00c1rctico, e que em breve ser\u00e3o anunciados \u201cnovos passos\u201d. No \u00faltimo fim-de-semana, v\u00e1rios membros da NATO <a href=\"https:\/\/www.publico.pt\/2026\/01\/11\/mundo\/noticia\/aliados-europeus-propoem-missao-nato-arctico-responder-preocupacoes-estados-unidos-2160826\" target=\"_blank\" rel=\"nofollow noopener\">prometeram<\/a> um refor\u00e7o das capacidades militares na Gronel\u00e2ndia.<\/p>\n<p>Rutte vai reunir-se com Motzfeldt e com o ministro da Defesa dinamarqu\u00eas, Troels Lund Poulsen, em Bruxelas na pr\u00f3xima segunda-feira.<\/p>\n","protected":false},"excerpt":{"rendered":"Se forem for\u00e7adas a escolher, as autoridades pol\u00edticas da Gronel\u00e2ndia preferem estar sob a al\u00e7ada da Dinamarca, e&hellip;\n","protected":false},"author":2,"featured_media":227100,"comment_status":"","ping_status":"","sticky":false,"template":"","format":"standard","meta":{"footnotes":""},"categories":[50],"tags":[27,28,4639,92,413,445,15,16,13033,14,25,26,21,22,62,3400,12,13,19,20,542,23,24,17,18,29,30,31,63,64,65],"class_list":{"0":"post-227099","1":"post","2":"type-post","3":"status-publish","4":"format-standard","5":"has-post-thumbnail","7":"category-mundo","8":"tag-breaking-news","9":"tag-breakingnews","10":"tag-dinamarca","11":"tag-donald-trump","12":"tag-eua","13":"tag-europa","14":"tag-featured-news","15":"tag-featurednews","16":"tag-gronelandia","17":"tag-headlines","18":"tag-latest-news","19":"tag-latestnews","20":"tag-main-news","21":"tag-mainnews","22":"tag-mundo","23":"tag-nato","24":"tag-news","25":"tag-noticias","26":"tag-noticias-principais","27":"tag-noticiasprincipais","28":"tag-para-redes","29":"tag-principais-noticias","30":"tag-principaisnoticias","31":"tag-top-stories","32":"tag-topstories","33":"tag-ultimas","34":"tag-ultimas-noticias","35":"tag-ultimasnoticias","36":"tag-world","37":"tag-world-news","38":"tag-worldnews"},"share_on_mastodon":{"url":"https:\/\/pubeurope.com\/@pt\/115889508427529275","error":""},"_links":{"self":[{"href":"https:\/\/www.europesays.com\/pt\/wp-json\/wp\/v2\/posts\/227099","targetHints":{"allow":["GET"]}}],"collection":[{"href":"https:\/\/www.europesays.com\/pt\/wp-json\/wp\/v2\/posts"}],"about":[{"href":"https:\/\/www.europesays.com\/pt\/wp-json\/wp\/v2\/types\/post"}],"author":[{"embeddable":true,"href":"https:\/\/www.europesays.com\/pt\/wp-json\/wp\/v2\/users\/2"}],"replies":[{"embeddable":true,"href":"https:\/\/www.europesays.com\/pt\/wp-json\/wp\/v2\/comments?post=227099"}],"version-history":[{"count":0,"href":"https:\/\/www.europesays.com\/pt\/wp-json\/wp\/v2\/posts\/227099\/revisions"}],"wp:featuredmedia":[{"embeddable":true,"href":"https:\/\/www.europesays.com\/pt\/wp-json\/wp\/v2\/media\/227100"}],"wp:attachment":[{"href":"https:\/\/www.europesays.com\/pt\/wp-json\/wp\/v2\/media?parent=227099"}],"wp:term":[{"taxonomy":"category","embeddable":true,"href":"https:\/\/www.europesays.com\/pt\/wp-json\/wp\/v2\/categories?post=227099"},{"taxonomy":"post_tag","embeddable":true,"href":"https:\/\/www.europesays.com\/pt\/wp-json\/wp\/v2\/tags?post=227099"}],"curies":[{"name":"wp","href":"https:\/\/api.w.org\/{rel}","templated":true}]}}