{"id":227105,"date":"2026-01-13T19:47:08","date_gmt":"2026-01-13T19:47:08","guid":{"rendered":"https:\/\/www.europesays.com\/pt\/227105\/"},"modified":"2026-01-13T19:47:08","modified_gmt":"2026-01-13T19:47:08","slug":"se-namorar-menino-ou-menina-vai-ser-abracada","status":"publish","type":"post","link":"https:\/\/www.europesays.com\/pt\/227105\/","title":{"rendered":"&#8216;Se namorar menino ou menina, vai ser abra\u00e7ada&#8217;"},"content":{"rendered":"<p>\n                        Ator comenta como acompanha de perto o crescimento de Sofia, de 13 anos, e refor\u00e7a a import\u00e2ncia do acolhimento e do di\u00e1logo na fam\u00edlia\n                    <\/p>\n<ul class=\"article__header__author\">\n<li class=\"article__header__author__item\">\n                                                Por:<br \/>\n                                                                                    Juliana Gardesani \/ Contigo\n                                                                        <\/li>\n<\/ul>\n<p>\n                                    13 jan<br \/>\n                                    2026<br \/>\n                                     &#8211; 19h09\n                                <\/p>\n<p>\n                                                                                                                        (atualizado em 13\/1\/2026 \u00e0s 14h39)\n                                                                            <\/p>\n<p class=\"text\"><strong>Cau\u00e3 Reymond<\/strong> voltou a falar sobre a rela\u00e7\u00e3o com a filha,<strong> Sofia<\/strong>, de 13 anos, fruto do relacionamento que teve com a atriz <strong>Grazi Massafera.<\/strong> Aos 45 anos, o ator comentou sobre como lida com a adolesc\u00eancia da filha e garantiu que n\u00e3o \u00e9 um pai ciumento, preferindo oferecer apoio, compreens\u00e3o e liberdade.<\/p>\n<p><img loading=\"lazy\" decoding=\"async\" alt=\"Cau\u00e3 Reymond e a filha, Sofia\" class=\"img-e831bb229185b18922336e0bb95cacf522wqo52q\" height=\"435\" src=\"https:\/\/www.europesays.com\/pt\/wp-content\/uploads\/2026\/01\/1879381153-caua-reymond-e-a-filha.jpg\"  title=\"Cau\u00e3 Reymond e a filha, Sofia\" width=\"774\"\/><\/p>\n<p>Cau\u00e3 Reymond e a filha, Sofia<\/p>\n<p>Foto: Reprodu\u00e7\u00e3o\/ Instagram \/ Contigo<\/p>\n<p>O que ele disse?<\/p>\n<p class=\"text\">&#8220;Nessa idade, surge para todo mundo, essa curiosidade, o primeiro beijo, essas coisas acontecem naturalmente. Ent\u00e3o, vou dar o tempo dela. Eu quero que ela namore dentro de casa, se ela namorar menino ou menina, o que ela decidir vai ser abra\u00e7ada. O lar \u00e9 para isso&#8221;, disse Cau\u00e3, em entrevista ao portal Leo Dias, refor\u00e7ando que o papel dos pais \u00e9 ser um ponto de acolhimento seguro, mesmo diante das descobertas t\u00edpicas da adolesc\u00eancia.<\/p>\n<p class=\"text\">O ator tamb\u00e9m comentou que, ao longo do tempo, a rela\u00e7\u00e3o com Sofia evoluiu e se tornou mais pr\u00f3xima, destacando que tem aprendido muito com a filha. Ele lembra que, quando era adolescente, deu trabalho aos pr\u00f3prios pais, e hoje observa com carinho a maturidade da menina.<\/p>\n<p class=\"text\">&#8220;Ela \u00e9 mais madura que eu em v\u00e1rias paradas. Eu dei muito trabalho para os meus pais. E, por incr\u00edvel que pare\u00e7a, a gente est\u00e1 mais amigo agora. Ela est\u00e1 exatamente nessa temperatura da vida dela: as amigas dando um primeiro beijo, tem o &#8216;BV&#8217;, &#8216;BVL&#8217;, a &#8216;boca virgem&#8217; e a &#8216;boca virgem de l\u00edngua'&#8221;, contou o ator em entrevista a <strong>Joyce Pascowitch<\/strong>.<\/p>\n<p>Amizade<\/p>\n<p class=\"text\">Cau\u00e3 aproveitou para refletir sobre como o papel de pai mudou com o tempo. Segundo ele, a amizade com a filha se fortaleceu justamente ao respeitar o espa\u00e7o dela e ao permitir que ela descubra o mundo por conta pr\u00f3pria, sem press\u00f5es ou julgamentos. Ele acredita que acolher e escutar \u00e9 mais importante do que tentar controlar cada passo da vida adolescente de Sofia.<\/p>\n<p class=\"text\">Al\u00e9m disso, o ator tem compartilhado momentos de conviv\u00eancia mais pr\u00f3ximos, mostrando que, mesmo sendo uma figura p\u00fablica com uma rotina intensa, busca estar presente e dispon\u00edvel para a filha, celebrando suas conquistas e aprendendo com cada fase que ela atravessa.<\/p>\n<p class=\"text\">Para Cau\u00e3, o lar deve ser um lugar de afeto e seguran\u00e7a, onde Sofia se sinta amada e livre para fazer suas pr\u00f3prias escolhas, incluindo as afetivas. &#8220;O mais importante \u00e9 que ela saiba que em casa sempre ter\u00e1 abra\u00e7os, compreens\u00e3o e apoio&#8221;, concluiu o ator.<\/p>\n<blockquote class=\"instagram-media\" data-instgrm-captioned=\"\" data-instgrm-permalink=\"https:\/\/www.instagram.com\/p\/DTaVl8rgOFS\/?utm_source=ig_embed&amp;utm_campaign=loading\" data-instgrm-version=\"14\" style=\"background: #FFF; border: 0; border-radius: 3px; box-shadow: 0 0 1px 0 rgba(0,0,0,0.5),0 1px 10px 0 rgba(0,0,0,0.15); margin: 1px; max-width: 540px; min-width: 326px; padding: 0; width: calc(100% - 2px);\">\n<p>     Ver essa foto no Instagram <\/p>\n<p class=\"text\" style=\"color: #c9c8cd; font-family: Arial,sans-serif; font-size: 14px; line-height: 17px; margin-bottom: 0; margin-top: 8px; overflow: hidden; padding: 8px 0 7px; text-align: center; text-overflow: ellipsis; white-space: nowrap;\"><a href=\"https:\/\/www.instagram.com\/p\/DTaVl8rgOFS\/?utm_source=ig_embed&amp;utm_campaign=loading\" rel=\"noopener nofollow\" style=\"color: #c9c8cd; font-family: Arial,sans-serif; font-size: 14px; font-style: normal; font-weight: normal; line-height: 17px; text-decoration: none;\" target=\"_blank\">Um post compartilhado por Matheus Baldi (@matheusbaldi.canal)<\/a><\/p>\n<\/blockquote>\n<p>                            <script async src=\"\/\/www.instagram.com\/embed.js\"><\/script><\/p>\n","protected":false},"excerpt":{"rendered":"Ator comenta como acompanha de perto o crescimento de Sofia, de 13 anos, e refor\u00e7a a import\u00e2ncia do&hellip;\n","protected":false},"author":2,"featured_media":227106,"comment_status":"","ping_status":"","sticky":false,"template":"","format":"standard","meta":{"footnotes":""},"categories":[145],"tags":[211,210,114,115,32,33],"class_list":{"0":"post-227105","1":"post","2":"type-post","3":"status-publish","4":"format-standard","5":"has-post-thumbnail","7":"category-celebridades","8":"tag-celebridades","9":"tag-celebrities","10":"tag-entertainment","11":"tag-entretenimento","12":"tag-portugal","13":"tag-pt"},"share_on_mastodon":{"url":"https:\/\/pubeurope.com\/@pt\/115889520344720044","error":""},"_links":{"self":[{"href":"https:\/\/www.europesays.com\/pt\/wp-json\/wp\/v2\/posts\/227105","targetHints":{"allow":["GET"]}}],"collection":[{"href":"https:\/\/www.europesays.com\/pt\/wp-json\/wp\/v2\/posts"}],"about":[{"href":"https:\/\/www.europesays.com\/pt\/wp-json\/wp\/v2\/types\/post"}],"author":[{"embeddable":true,"href":"https:\/\/www.europesays.com\/pt\/wp-json\/wp\/v2\/users\/2"}],"replies":[{"embeddable":true,"href":"https:\/\/www.europesays.com\/pt\/wp-json\/wp\/v2\/comments?post=227105"}],"version-history":[{"count":0,"href":"https:\/\/www.europesays.com\/pt\/wp-json\/wp\/v2\/posts\/227105\/revisions"}],"wp:featuredmedia":[{"embeddable":true,"href":"https:\/\/www.europesays.com\/pt\/wp-json\/wp\/v2\/media\/227106"}],"wp:attachment":[{"href":"https:\/\/www.europesays.com\/pt\/wp-json\/wp\/v2\/media?parent=227105"}],"wp:term":[{"taxonomy":"category","embeddable":true,"href":"https:\/\/www.europesays.com\/pt\/wp-json\/wp\/v2\/categories?post=227105"},{"taxonomy":"post_tag","embeddable":true,"href":"https:\/\/www.europesays.com\/pt\/wp-json\/wp\/v2\/tags?post=227105"}],"curies":[{"name":"wp","href":"https:\/\/api.w.org\/{rel}","templated":true}]}}