{"id":227109,"date":"2026-01-13T19:50:20","date_gmt":"2026-01-13T19:50:20","guid":{"rendered":"https:\/\/www.europesays.com\/pt\/227109\/"},"modified":"2026-01-13T19:50:20","modified_gmt":"2026-01-13T19:50:20","slug":"ator-de-terra-nostra-teve-destino-tragico-apenas-6-anos-apos-a-novela","status":"publish","type":"post","link":"https:\/\/www.europesays.com\/pt\/227109\/","title":{"rendered":"Ator de &#8216;Terra Nostra&#8217; teve destino tr\u00e1gico apenas 6 anos ap\u00f3s a novela"},"content":{"rendered":"<p>\n                        O int\u00e9rprete de Francesco deixou sua marca na teledramaturgia brasileira e faleceu ap\u00f3s longa batalha contra o c\u00e2ncer\n                    <\/p>\n<ul class=\"article__header__author\">\n<li class=\"article__header__author__item\">\n                                                Por:<br \/>\n                                                                                    Juliana Gardesani \/ Contigo\n                                                                        <\/li>\n<\/ul>\n<p class=\"text\"><strong>Raul Cortez<\/strong> (1932-2006) foi um dos grandes nomes da televis\u00e3o brasileira, deixando uma carreira marcada por atua\u00e7\u00f5es intensas e memor\u00e1veis. Em Terra Nostra, atualmente reprisada na faixa Edi\u00e7\u00e3o Especial da Globo, ele interpretou Francesco, personagem central da trama. O ator faleceu em julho de 2006, aos 73 anos, ap\u00f3s enfrentar um c\u00e2ncer, cerca de seis anos ap\u00f3s sua participa\u00e7\u00e3o na novela, refor\u00e7ando sua import\u00e2ncia na hist\u00f3ria da teledramaturgia nacional.<\/p>\n<p><img loading=\"lazy\" decoding=\"async\" alt=\"Matteo, Giuliana e Marco Ant\u00f4nio (Reprodu\u00e7\u00e3o\/Globo)\" class=\"img-579141cd1735982756981bb4de431b34rq7yqw7z\" height=\"435\" src=\"https:\/\/www.europesays.com\/pt\/wp-content\/uploads\/2026\/01\/768528773-whatsapp-image-2025-10-20-at-205101.jpg\"  title=\"Matteo, Giuliana e Marco Ant\u00f4nio (Reprodu\u00e7\u00e3o\/Globo)\" width=\"774\"\/><\/p>\n<p>Matteo, Giuliana e Marco Ant\u00f4nio (Reprodu\u00e7\u00e3o\/Globo)<\/p>\n<p>Foto: Contigo<\/p>\n<p class=\"text\">Na hist\u00f3ria ambientada no fim do s\u00e9culo XIX, Francesco \u00e9 um imigrante italiano que construiu sua fortuna no Brasil. Casado com Janete (<strong>\u00c2ngela Vieira<\/strong>) e pai de Marco Ant\u00f4nio (<strong>Marcello Antony<\/strong>), ele mant\u00e9m uma rela\u00e7\u00e3o de lealdade com os pais de Giuliana (<strong>Ana Paula Ar\u00f3sio<\/strong>), a quem protege com dedica\u00e7\u00e3o. No entanto, apesar de sua postura firme como patriarca, Francesco vive um conflito ao se apaixonar por Paola (<strong>Maria Fernanda C\u00e2ndido<\/strong>). &#8220;Em resumo, esse enredo trouxe profundidade ao papel e destacou a versatilidade de Raul Cortez em interpretar personagens complexos.&#8221;<\/p>\n<p>Trabalhos<\/p>\n<p class=\"text\">Antes de seguir a carreira art\u00edstica, Raul Cortez chegou a estudar Direito, mas aos 22 anos decidiu se dedicar \u00e0 atua\u00e7\u00e3o. Sua estreia na televis\u00e3o ocorreu em 1966, na novela Ningu\u00e9m Cr\u00ea em Mim, da TV Excelsior. Consolidado no teatro e no cinema, ele passou por emissoras como Band e Tupi durante os anos 1960 e 1970, at\u00e9 conquistar espa\u00e7o definitivo na Globo.<\/p>\n<p class=\"text\">Entre seus pap\u00e9is mais lembrados na emissora est\u00e3o Miguel Fragonard, de \u00c1gua Viva (1980), com morte misteriosa, e o enigm\u00e1tico Quim, de Baila Comigo (1981). Tamb\u00e9m se destacaram o bicheiro C\u00e9lio Cruz, de Partido Alto (1984), o bigamo Herbert Alvaray, de Brega &amp; Chique (1987), e o vil\u00e3o Virg\u00edlio, de Mulheres de Areia (1993). Cada interpreta\u00e7\u00e3o evidenciou seu talento para personagens intensos e multifacetados.<\/p>\n<p class=\"text\">O \u00faltimo trabalho de Raul Cortez em novelas foi como o Bar\u00e3o de Bonsucesso, em Senhora do Destino (2004), papel que entrou para a galeria de personagens inesquec\u00edveis da televis\u00e3o. Ele ainda brilhou na miniss\u00e9rie JK (2006), interpretando o pol\u00edtico Ant\u00f4nio Carlos Ribeiro de Andrade. Em 18 de julho de 2006, o Brasil se despediu de um dos maiores atores de sua hist\u00f3ria, cuja trajet\u00f3ria continua inspirando novas gera\u00e7\u00f5es.<\/p>\n<blockquote class=\"twitter-tweet\" id=\"1965838879661109506?ref_src=twsrc%5Etfw\">\n<p class=\"text\" dir=\"ltr\" lang=\"pt\">Angela Vieira e Raul Cortez eram casados em Terra Nostra e sogro e nora em Senhora Do Destino <a href=\"https:\/\/twitter.com\/hashtag\/TerraNostra?src=hash&amp;ref_src=twsrc%5Etfw\" target=\"_blank\" rel=\"nofollow noopener\">#TerraNostra<\/a> <a href=\"https:\/\/t.co\/wO1imXzBpu\" target=\"_blank\" rel=\"nofollow\">pic.twitter.com\/wO1imXzBpu<\/a><\/p>\n<p class=\"text\">\u2014 Davison ronald (@Davisonron83940) <a href=\"https:\/\/twitter.com\/Davisonron83940\/status\/1965838879661109506?ref_src=twsrc%5Etfw\" target=\"_blank\" rel=\"nofollow noopener\">September 10, 2025<\/a><\/p>\n<\/blockquote>\n<p>                            <script async src=\"https:\/\/platform.twitter.com\/widgets.js\" charset=\"utf-8\"><\/script><\/p>\n","protected":false},"excerpt":{"rendered":"O int\u00e9rprete de Francesco deixou sua marca na teledramaturgia brasileira e faleceu ap\u00f3s longa batalha contra o c\u00e2ncer&hellip;\n","protected":false},"author":2,"featured_media":227110,"comment_status":"","ping_status":"","sticky":false,"template":"","format":"standard","meta":{"footnotes":""},"categories":[142],"tags":[114,115,32,33,151],"class_list":{"0":"post-227109","1":"post","2":"type-post","3":"status-publish","4":"format-standard","5":"has-post-thumbnail","7":"category-tv","8":"tag-entertainment","9":"tag-entretenimento","10":"tag-portugal","11":"tag-pt","12":"tag-tv"},"share_on_mastodon":{"url":"https:\/\/pubeurope.com\/@pt\/115889532150857880","error":""},"_links":{"self":[{"href":"https:\/\/www.europesays.com\/pt\/wp-json\/wp\/v2\/posts\/227109","targetHints":{"allow":["GET"]}}],"collection":[{"href":"https:\/\/www.europesays.com\/pt\/wp-json\/wp\/v2\/posts"}],"about":[{"href":"https:\/\/www.europesays.com\/pt\/wp-json\/wp\/v2\/types\/post"}],"author":[{"embeddable":true,"href":"https:\/\/www.europesays.com\/pt\/wp-json\/wp\/v2\/users\/2"}],"replies":[{"embeddable":true,"href":"https:\/\/www.europesays.com\/pt\/wp-json\/wp\/v2\/comments?post=227109"}],"version-history":[{"count":0,"href":"https:\/\/www.europesays.com\/pt\/wp-json\/wp\/v2\/posts\/227109\/revisions"}],"wp:featuredmedia":[{"embeddable":true,"href":"https:\/\/www.europesays.com\/pt\/wp-json\/wp\/v2\/media\/227110"}],"wp:attachment":[{"href":"https:\/\/www.europesays.com\/pt\/wp-json\/wp\/v2\/media?parent=227109"}],"wp:term":[{"taxonomy":"category","embeddable":true,"href":"https:\/\/www.europesays.com\/pt\/wp-json\/wp\/v2\/categories?post=227109"},{"taxonomy":"post_tag","embeddable":true,"href":"https:\/\/www.europesays.com\/pt\/wp-json\/wp\/v2\/tags?post=227109"}],"curies":[{"name":"wp","href":"https:\/\/api.w.org\/{rel}","templated":true}]}}