{"id":227126,"date":"2026-01-13T20:00:12","date_gmt":"2026-01-13T20:00:12","guid":{"rendered":"https:\/\/www.europesays.com\/pt\/227126\/"},"modified":"2026-01-13T20:00:12","modified_gmt":"2026-01-13T20:00:12","slug":"albertino-e-a-renovacao-de-farioli-lembra-quando-rui-costa-se-apressou-a-renovar-com-schmidt-record","status":"publish","type":"post","link":"https:\/\/www.europesays.com\/pt\/227126\/","title":{"rendered":"Albertino e a renova\u00e7\u00e3o de Farioli: \u00abLembra quando Rui Costa se apressou a renovar com Schmidt\u00bb &#8211; Record"},"content":{"rendered":"<ol>\n<li><a href=\"https:\/\/news.google.com\/rss\/articles\/CBMi_gFBVV95cUxPdGcwU2NEaklRaWY2T2E5QVY4QW5HNzNJZlk1YU1UTmk3M3ItdWV5NnFhUm03QjFQcXVkNXB5b09iWC1FV3dzN3dZbVk4OUxsNXNGLXdWX3hFNGtha2h4YmpJWHVIVlJHaWQ2VzQtQWc4cnpJa0ZESzRGTUFCeGRSaVE4eVIwMGcxOUNwR0RSNUd2RHNqN0U3ejVwNFItNzJXR3JWMGVvYXowRVduSENUOXNiVDZQdDhHaE1ESW5lTmJGdEoxTGJwR1JjNGlsQnZheC1wNWhlMVlmdkg2T2lEa2RDQ00zQjE0Y21UQ3EwZVlXX2p3bVZveDg1NFNTZw?oc=5\" target=\"_blank\" rel=\"nofollow noopener\">Albertino e a renova\u00e7\u00e3o de Farioli: \u00abLembra quando Rui Costa se apressou a renovar com Schmidt\u00bb<\/a>&nbsp;&nbsp;Record<\/li>\n<li><a href=\"https:\/\/news.google.com\/rss\/articles\/CBMiiwFBVV95cUxPaGZfR0tiYmgwajlCUHVjQlFzdkg4MTVZVGdWcG9BMkVaNC1NUF9fbW1rRmRmTmExOVVXZDJRU1E4V191QzR3dC16ckpsZTdVREE3bkZ4bWp0Q3hEc1BJUUduTXFKNkgtaEI1bnhTaXN6TGw0M3o0TExrN1hGbUVhaFN4LVJPdlF0TTh3?oc=5\" target=\"_blank\" rel=\"nofollow noopener\">Farioli. &#8220;La Famiglia Portista&#8221; at\u00e9 2028<\/a>&nbsp;&nbsp;Observador<\/li>\n<li><a href=\"https:\/\/news.google.com\/rss\/articles\/CBMitAFBVV95cUxOeGlmMDZYMGJVdjNXUkhBc1FvMm1ZOFhHWldrSGdnTjctT1hQbzZvY1pBRjNxbjFuQWh6ckxjazRyQUl0dVhLMnpiOVdQSWYyZzB2TmltUFdiaWFGdE9ZZ3Z6ek9tWUQxWW1xaXBEVVJsQk5ka2hkb19uUkd3N3NhUll6Vl9ycWk0XzdoejZfcUtDS1I1NzFWVnRISlhBRDFOLTVNeEFINTdDX21NczlpYTFoQlI?oc=5\" target=\"_blank\" rel=\"nofollow noopener\">Cl\u00e1usula de rescis\u00e3o de Franceso Farioli aumenta para 20 milh\u00f5es de euros<\/a>&nbsp;&nbsp;OneFootball<\/li>\n<li><a href=\"https:\/\/news.google.com\/rss\/articles\/CBMitgFBVV95cUxPVDhzV01GODV2c2UzRlYwZzlUZ2xnalJpdGEyb1dKdGpvaGg0WnJuZ2VBU0phR2JqeFo3S0JsbjRQQXFqSHBlcTdjWWxtSjB2bjRmSVhkajBReW82NW4zY2oyWXdoTUV2dzNQbTdlanZRaXpzNmRMZ2RZV2FnbWtiS2U0cjNmRXcxVTNoRTNfYmpPYW9aeHBsbnFTeE0tSlhTTXoyaGZuWG5XZVZ0TVFKR3AteFBmZ9IBpwFBVV95cUxQN1lmaGU3SEp3ZjhrdUplSnRWZXN1WlJMeEFXUlhnX1ZRTkxHWjA3QVBfNmNGVWFVZDZpYWZ1c29WVVphcnoySXZ5VkNFaGRLaEZXdUFUUjlwSHZOMkZLODRrYnJ1MHZZaXh2cFNnaV9HaHVHM3hSckNnLWMtMk02RzJ1aHdmenZTbTV4dHJMczBNRXlNMTVQeEl3MUNhWndSYTRMNEpwUQ?oc=5\" target=\"_blank\" rel=\"nofollow noopener\">A primeira fotografia da equipa t\u00e9cnica do FC Porto com Felipe S\u00e1nchez<\/a>&nbsp;&nbsp;O Jogo<\/li>\n<li><a href=\"https:\/\/news.google.com\/rss\/articles\/CBMiwAFBVV95cUxNc2dFWVFmUXBPcFlySEM3dG4wSmJMT0gtSkVYcmZmSWpTWHByNGVrYWIyY2hEdk9jNHFLbS1PeVpweUtweGY3MEFycGNmZzdCWlhCRWVZeDNEOU9jR3cyTGk0bXVJeUc5eEZ0ZE96ampDNXBLaS1hMmoxQm1rQ3dwLVVzTVRIUllhdkZDUEQ3bTdPdTNkaUItU1UyZS1xb3I4NVpQRzNqTFRaNUoyT3ZKNUM5dDhaeFlmQ2FIdlZsVU8?oc=5\" target=\"_blank\" rel=\"nofollow noopener\">Farioli, Oskar Pietuszewski e a renova\u00e7\u00e3o de contrato: &#8220;Agradeci aos jogadores&#8230;&#8221;<\/a>&nbsp;&nbsp;SAPO<\/li>\n<\/ol>\n","protected":false},"excerpt":{"rendered":"Albertino e a renova\u00e7\u00e3o de Farioli: \u00abLembra quando Rui Costa se apressou a renovar com Schmidt\u00bb&nbsp;&nbsp;Record Farioli. &#8220;La&hellip;\n","protected":false},"author":2,"featured_media":225042,"comment_status":"","ping_status":"","sticky":false,"template":"","format":"standard","meta":{"footnotes":""},"categories":[8],"tags":[27,28,15,16,14,25,26,21,22,12,13,19,20,32,23,24,33,17,18,29,30,31],"class_list":{"0":"post-227126","1":"post","2":"type-post","3":"status-publish","4":"format-standard","5":"has-post-thumbnail","7":"category-principais-noticias","8":"tag-breaking-news","9":"tag-breakingnews","10":"tag-featured-news","11":"tag-featurednews","12":"tag-headlines","13":"tag-latest-news","14":"tag-latestnews","15":"tag-main-news","16":"tag-mainnews","17":"tag-news","18":"tag-noticias","19":"tag-noticias-principais","20":"tag-noticiasprincipais","21":"tag-portugal","22":"tag-principais-noticias","23":"tag-principaisnoticias","24":"tag-pt","25":"tag-top-stories","26":"tag-topstories","27":"tag-ultimas","28":"tag-ultimas-noticias","29":"tag-ultimasnoticias"},"share_on_mastodon":{"url":"https:\/\/pubeurope.com\/@pt\/115889571375705127","error":""},"_links":{"self":[{"href":"https:\/\/www.europesays.com\/pt\/wp-json\/wp\/v2\/posts\/227126","targetHints":{"allow":["GET"]}}],"collection":[{"href":"https:\/\/www.europesays.com\/pt\/wp-json\/wp\/v2\/posts"}],"about":[{"href":"https:\/\/www.europesays.com\/pt\/wp-json\/wp\/v2\/types\/post"}],"author":[{"embeddable":true,"href":"https:\/\/www.europesays.com\/pt\/wp-json\/wp\/v2\/users\/2"}],"replies":[{"embeddable":true,"href":"https:\/\/www.europesays.com\/pt\/wp-json\/wp\/v2\/comments?post=227126"}],"version-history":[{"count":0,"href":"https:\/\/www.europesays.com\/pt\/wp-json\/wp\/v2\/posts\/227126\/revisions"}],"wp:featuredmedia":[{"embeddable":true,"href":"https:\/\/www.europesays.com\/pt\/wp-json\/wp\/v2\/media\/225042"}],"wp:attachment":[{"href":"https:\/\/www.europesays.com\/pt\/wp-json\/wp\/v2\/media?parent=227126"}],"wp:term":[{"taxonomy":"category","embeddable":true,"href":"https:\/\/www.europesays.com\/pt\/wp-json\/wp\/v2\/categories?post=227126"},{"taxonomy":"post_tag","embeddable":true,"href":"https:\/\/www.europesays.com\/pt\/wp-json\/wp\/v2\/tags?post=227126"}],"curies":[{"name":"wp","href":"https:\/\/api.w.org\/{rel}","templated":true}]}}