{"id":227127,"date":"2026-01-13T20:01:08","date_gmt":"2026-01-13T20:01:08","guid":{"rendered":"https:\/\/www.europesays.com\/pt\/227127\/"},"modified":"2026-01-13T20:01:08","modified_gmt":"2026-01-13T20:01:08","slug":"cantora-de-rock-anuncia-casamento-com-seu-cachorro","status":"publish","type":"post","link":"https:\/\/www.europesays.com\/pt\/227127\/","title":{"rendered":"Cantora de rock anuncia casamento com seu cachorro\u00a0"},"content":{"rendered":"<p>A vocalista da banda de rock Rilo Kiley, Jenny Lewis, utilizou as redes sociais para fazer um an\u00fancio que dividiu opini\u00f5es. Em uma publica\u00e7\u00e3o no X, a artista afirmou que \u201cse casou\u201d com seu cachorro para celebrar seu anivers\u00e1rio de 50 anos. Jenny tamb\u00e9m compartilhou imagens da cerim\u00f4nia.\u00a0<\/p>\n<p>Segundo o The Independent, a celebra\u00e7\u00e3o ocorreu de forma reservada, apenas com amigos pr\u00f3ximos e familiares. Nas fotos publicadas, Jenny aparece usando vestido branco tradicional, o animal tamb\u00e9m aparece usando um adere\u00e7o com flores.\u00a0<\/p>\n<p>O ve\u00edculo tamb\u00e9m informou que entre os convidados da cerim\u00f4nia estava Ben Gibbard, ex-colega de Jenny no grupo The Postal Service. Durante a celebra\u00e7\u00e3o, Gibbard e a cantora interpretaram juntos a can\u00e7\u00e3o &#8220;Such Great Heights&#8221;.<\/p>\n<p>Nos coment\u00e1rios da publica\u00e7\u00e3o, houve quem desse os parab\u00e9ns, quem fizesse piadas e tamb\u00e9m quem demonstrasse preocupa\u00e7\u00e3o com a situa\u00e7\u00e3o. \u201cCara, voc\u00ea est\u00e1 bem?\u201d, perguntou uma seguidora. \u201cPobre c\u00e3o, ele precisa ser resgatado\u201d, comentou outra pessoa. \u201cEstranha\u201d, criticou uma terceira pessoa.\u00a0<\/p>\n<blockquote class=\"twitter-tweet\"><p>&#13;<\/p>\n<p dir=\"ltr\" lang=\"en\">i married my dog for my 50th birthday\u2026 <br \/>BLESS! <a href=\"https:\/\/t.co\/1gAosoDz7Y\" rel=\"nofollow\">pic.twitter.com\/1gAosoDz7Y<\/a><\/p>\n<p>&#13;<br \/>\n\u2014 jenny lewis (@jennylewis) <a href=\"https:\/\/twitter.com\/jennylewis\/status\/2010062530530681014?ref_src=twsrc%5Etfw\" rel=\"nofollow noopener\" target=\"_blank\">January 10, 2026<\/a><\/p><\/blockquote>\n<p>Em 2023, em uma entrevista para a Rolling Stone, a artista falou sobre a ado\u00e7\u00e3o do animal e a import\u00e2ncia dele em sua vida. &#8220;Eu estava numa situa\u00e7\u00e3o muito dif\u00edcil. Fiquei isolada por mais de um ano, em quarentena totalmente sozinha, e tive que encontrar maneiras de sair de casa.&#8221;, contou. &#8220;N\u00e3o tenho filhos, mas esse c\u00e3o me transformou de muitas maneiras: a responsabilidade de cuidar de uma alma e o cuidado com algo al\u00e9m de mim mesma&#8221;, completou Jenny.\u00a0<\/p>\n<p>A artista nunca teve um casamento civil oficial. Anteriormente, manteve relacionamento com Blake Sennett, com quem fundou o Rilo Kiley em Los Angeles, nos Estados Unidos, em 1998. O casal se separou por volta de 2002.<\/p>\n<p>O Rilo Kiley, que encerrou suas atividades em 2011, retornou aos palcos em maio de 2025 para sua primeira turn\u00ea ap\u00f3s 17 anos de hiato.<\/p>\n<p>            <script async src=\"https:\/\/platform.twitter.com\/widgets.js\" charset=\"utf-8\"><\/script><\/p>\n","protected":false},"excerpt":{"rendered":"A vocalista da banda de rock Rilo Kiley, Jenny Lewis, utilizou as redes sociais para fazer um an\u00fancio&hellip;\n","protected":false},"author":2,"featured_media":227128,"comment_status":"","ping_status":"","sticky":false,"template":"","format":"standard","meta":{"footnotes":""},"categories":[145],"tags":[6249,1435,211,210,114,115,62,32,33],"class_list":{"0":"post-227127","1":"post","2":"type-post","3":"status-publish","4":"format-standard","5":"has-post-thumbnail","7":"category-celebridades","8":"tag-cachorro","9":"tag-casamento","10":"tag-celebridades","11":"tag-celebrities","12":"tag-entertainment","13":"tag-entretenimento","14":"tag-mundo","15":"tag-portugal","16":"tag-pt"},"share_on_mastodon":{"url":"https:\/\/pubeurope.com\/@pt\/115889575303118081","error":""},"_links":{"self":[{"href":"https:\/\/www.europesays.com\/pt\/wp-json\/wp\/v2\/posts\/227127","targetHints":{"allow":["GET"]}}],"collection":[{"href":"https:\/\/www.europesays.com\/pt\/wp-json\/wp\/v2\/posts"}],"about":[{"href":"https:\/\/www.europesays.com\/pt\/wp-json\/wp\/v2\/types\/post"}],"author":[{"embeddable":true,"href":"https:\/\/www.europesays.com\/pt\/wp-json\/wp\/v2\/users\/2"}],"replies":[{"embeddable":true,"href":"https:\/\/www.europesays.com\/pt\/wp-json\/wp\/v2\/comments?post=227127"}],"version-history":[{"count":0,"href":"https:\/\/www.europesays.com\/pt\/wp-json\/wp\/v2\/posts\/227127\/revisions"}],"wp:featuredmedia":[{"embeddable":true,"href":"https:\/\/www.europesays.com\/pt\/wp-json\/wp\/v2\/media\/227128"}],"wp:attachment":[{"href":"https:\/\/www.europesays.com\/pt\/wp-json\/wp\/v2\/media?parent=227127"}],"wp:term":[{"taxonomy":"category","embeddable":true,"href":"https:\/\/www.europesays.com\/pt\/wp-json\/wp\/v2\/categories?post=227127"},{"taxonomy":"post_tag","embeddable":true,"href":"https:\/\/www.europesays.com\/pt\/wp-json\/wp\/v2\/tags?post=227127"}],"curies":[{"name":"wp","href":"https:\/\/api.w.org\/{rel}","templated":true}]}}