{"id":227143,"date":"2026-01-13T20:14:10","date_gmt":"2026-01-13T20:14:10","guid":{"rendered":"https:\/\/www.europesays.com\/pt\/227143\/"},"modified":"2026-01-13T20:14:10","modified_gmt":"2026-01-13T20:14:10","slug":"comunicado-do-boavista-futebol-clube-3","status":"publish","type":"post","link":"https:\/\/www.europesays.com\/pt\/227143\/","title":{"rendered":"Comunicado do Boavista Futebol Clube"},"content":{"rendered":"<p><img loading=\"lazy\" decoding=\"async\" width=\"696\" height=\"464\"  alt=\"\" title=\"NANS7144\" src=\"https:\/\/www.europesays.com\/pt\/wp-content\/uploads\/2025\/10\/NANS7144-1-696x464.jpg\" data- class=\"entry-thumb lazyload\"\/><\/p>\n<p>A Dire\u00e7\u00e3o do Boavista Futebol Clube informa que n\u00e3o foi poss\u00edvel efetuar, dentro do prazo fixado pelo Tribunal de Com\u00e9rcio de Vila Nova de Gaia, o dep\u00f3sito do montante de 149.680 euros na conta da massa insolvente.<\/p>\n<p>A situa\u00e7\u00e3o financeira herdada \u00e9 amplamente conhecida. Desde o in\u00edcio do mandato, a Dire\u00e7\u00e3o tem estado totalmente empenhada na defesa dos interesses do Clube e na procura de solu\u00e7\u00f5es que garantam a sua continuidade. A situa\u00e7\u00e3o atual, embora grave, \u00e9 revers\u00edvel podendo evitar o encerramento definitivo do Boavista Futebol Clube.<\/p>\n<p>A Dire\u00e7\u00e3o encontra-se a trabalhar ativamente para concluir as negocia\u00e7\u00f5es com investidores interessados no projeto do Boavista Futebol Clube, bem como em contacto permanente com entidades p\u00fablicas e desportivas, com o objetivo de assegurar a sustentabilidade econ\u00f3mica e desportiva do Clube a m\u00e9dio e longo prazo.<\/p>\n<p>Neste contexto exigente, a Dire\u00e7\u00e3o apela \u00e0 uni\u00e3o de s\u00f3cios e simpatizantes, refor\u00e7ando a import\u00e2ncia do apoio cont\u00ednuo ao Boavista Futebol Clube.<\/p>\n<p>Boavista, Sempre!<br \/>Porto, 13 de janeiro de 2025<\/p>\n<p>Artigo anterior<a href=\"https:\/\/boavistafc.pt\/mensagem-de-ano-novo\/\" rel=\"nofollow noopener\" target=\"_blank\">Mensagem de Ano Novo<\/a>            <\/p>\n","protected":false},"excerpt":{"rendered":"A Dire\u00e7\u00e3o do Boavista Futebol Clube informa que n\u00e3o foi poss\u00edvel efetuar, dentro do prazo fixado pelo Tribunal&hellip;\n","protected":false},"author":2,"featured_media":97757,"comment_status":"","ping_status":"","sticky":false,"template":"","format":"standard","meta":{"footnotes":""},"categories":[8],"tags":[27,28,15,16,14,25,26,21,22,12,13,19,20,32,23,24,33,17,18,29,30,31],"class_list":{"0":"post-227143","1":"post","2":"type-post","3":"status-publish","4":"format-standard","5":"has-post-thumbnail","7":"category-principais-noticias","8":"tag-breaking-news","9":"tag-breakingnews","10":"tag-featured-news","11":"tag-featurednews","12":"tag-headlines","13":"tag-latest-news","14":"tag-latestnews","15":"tag-main-news","16":"tag-mainnews","17":"tag-news","18":"tag-noticias","19":"tag-noticias-principais","20":"tag-noticiasprincipais","21":"tag-portugal","22":"tag-principais-noticias","23":"tag-principaisnoticias","24":"tag-pt","25":"tag-top-stories","26":"tag-topstories","27":"tag-ultimas","28":"tag-ultimas-noticias","29":"tag-ultimasnoticias"},"share_on_mastodon":{"url":"https:\/\/pubeurope.com\/@pt\/115889626689567326","error":""},"_links":{"self":[{"href":"https:\/\/www.europesays.com\/pt\/wp-json\/wp\/v2\/posts\/227143","targetHints":{"allow":["GET"]}}],"collection":[{"href":"https:\/\/www.europesays.com\/pt\/wp-json\/wp\/v2\/posts"}],"about":[{"href":"https:\/\/www.europesays.com\/pt\/wp-json\/wp\/v2\/types\/post"}],"author":[{"embeddable":true,"href":"https:\/\/www.europesays.com\/pt\/wp-json\/wp\/v2\/users\/2"}],"replies":[{"embeddable":true,"href":"https:\/\/www.europesays.com\/pt\/wp-json\/wp\/v2\/comments?post=227143"}],"version-history":[{"count":0,"href":"https:\/\/www.europesays.com\/pt\/wp-json\/wp\/v2\/posts\/227143\/revisions"}],"wp:featuredmedia":[{"embeddable":true,"href":"https:\/\/www.europesays.com\/pt\/wp-json\/wp\/v2\/media\/97757"}],"wp:attachment":[{"href":"https:\/\/www.europesays.com\/pt\/wp-json\/wp\/v2\/media?parent=227143"}],"wp:term":[{"taxonomy":"category","embeddable":true,"href":"https:\/\/www.europesays.com\/pt\/wp-json\/wp\/v2\/categories?post=227143"},{"taxonomy":"post_tag","embeddable":true,"href":"https:\/\/www.europesays.com\/pt\/wp-json\/wp\/v2\/tags?post=227143"}],"curies":[{"name":"wp","href":"https:\/\/api.w.org\/{rel}","templated":true}]}}