{"id":227144,"date":"2026-01-13T20:15:10","date_gmt":"2026-01-13T20:15:10","guid":{"rendered":"https:\/\/www.europesays.com\/pt\/227144\/"},"modified":"2026-01-13T20:15:10","modified_gmt":"2026-01-13T20:15:10","slug":"se-nao-tivesse-tido-filhos-ter-me-ia-mudado-para-portugal-ha-15-anos-patrick-watson-com-concertos-no-porto-e-em-lisboa-esta-semana","status":"publish","type":"post","link":"https:\/\/www.europesays.com\/pt\/227144\/","title":{"rendered":"\u201cSe n\u00e3o tivesse tido filhos, ter-me-ia mudado para Portugal h\u00e1 15 anos\u201d: Patrick Watson com concertos no Porto e em Lisboa esta semana"},"content":{"rendered":"<p class=\"MsoNormal\">Desde que se estreou em palcos nacionais, em 2008, Patrick Watson tornou-se presen\u00e7a ass\u00eddua no nosso pa\u00eds. Regressa, esta semana, para concertos na Casa da M\u00fasica, no Porto, na quarta, e no Lisboa ao Vivo na quinta, nos quais apresentar\u00e1 as <a href=\"https:\/\/expresso.pt\/revista\/culturas\/musica\/2025-09-25-o-que-faz-um-cantor-quando-perde-a-voz--patrick-watson-gravou-um-disco-sobre-isso-21dd7e8c\" target=\"_blank\" rel=\"noopener noreferrer nofollow\">can\u00e7\u00f5es de \u201cUh Oh\u201d<\/a>, \u00e1lbum que editou em setembro passado e no qual conta com as colabora\u00e7\u00f5es de MARO, Martha Wainwright ou da lusodescendente November Ultra. Antecipando este regresso a Portugal e revelando aquilo que est\u00e1 por tr\u00e1s de uma cole\u00e7\u00e3o de can\u00e7\u00f5es nascida de um per\u00edodo em que temeu n\u00e3o poder voltar a cantar, o m\u00fasico canadiano sentou-se \u00e0 conversa com a BLITZ numa passagem-rel\u00e2mpago por Lisboa, poucos dias antes de o \u00e1lbum ter sido dado a conhecer. <\/p>\n<p><a href=\"https:\/\/expresso.pt\/subscrever?action=GEN&amp;channel=BAF&amp;type=CAP&amp;source=WEB&amp;returnUrl=https:\/\/expresso.pt\/blitz\/2026-01-13-se-nao-tivesse-tido-filhos-ter-me-ia-mudado-para-portugal-ha-15-anos-patrick-watson-com-concertos-no-porto-e-em-lisboa-esta-semana-105cac15&amp;utm_source=expresso&amp;utm_medium=locked_article&amp;locked=true&amp;article_id=d99dee0c-50e7-4162-beea-564b59732fb2&amp;author_id=M\u00e1rio+Rui+Vieira&amp;category=Blitz\" target=\"_self\" class=\"\" rel=\"nofollow noopener\">Subscrever<\/a>J\u00e1 \u00e9 Subscritor?Fa\u00e7a login e continue a ler<a href=\"http:\/\/expresso.pt\/codigo?redirectUrl=https:\/\/expresso.pt\/blitz\/2026-01-13-se-nao-tivesse-tido-filhos-ter-me-ia-mudado-para-portugal-ha-15-anos-patrick-watson-com-concertos-no-porto-e-em-lisboa-esta-semana-105cac15\" target=\"_self\" class=\"\" rel=\"nofollow noopener\">Inserir C\u00f3digo<\/a>Comprou o Expresso?Insira o c\u00f3digo presente na Revista E para continuar a ler<\/p>\n","protected":false},"excerpt":{"rendered":"Desde que se estreou em palcos nacionais, em 2008, Patrick Watson tornou-se presen\u00e7a ass\u00eddua no nosso pa\u00eds. Regressa,&hellip;\n","protected":false},"author":2,"featured_media":227145,"comment_status":"","ping_status":"","sticky":false,"template":"","format":"standard","meta":{"footnotes":""},"categories":[145],"tags":[211,210,114,115,32,33],"class_list":{"0":"post-227144","1":"post","2":"type-post","3":"status-publish","4":"format-standard","5":"has-post-thumbnail","7":"category-celebridades","8":"tag-celebridades","9":"tag-celebrities","10":"tag-entertainment","11":"tag-entretenimento","12":"tag-portugal","13":"tag-pt"},"share_on_mastodon":{"url":"https:\/\/pubeurope.com\/@pt\/115889630256126741","error":""},"_links":{"self":[{"href":"https:\/\/www.europesays.com\/pt\/wp-json\/wp\/v2\/posts\/227144","targetHints":{"allow":["GET"]}}],"collection":[{"href":"https:\/\/www.europesays.com\/pt\/wp-json\/wp\/v2\/posts"}],"about":[{"href":"https:\/\/www.europesays.com\/pt\/wp-json\/wp\/v2\/types\/post"}],"author":[{"embeddable":true,"href":"https:\/\/www.europesays.com\/pt\/wp-json\/wp\/v2\/users\/2"}],"replies":[{"embeddable":true,"href":"https:\/\/www.europesays.com\/pt\/wp-json\/wp\/v2\/comments?post=227144"}],"version-history":[{"count":0,"href":"https:\/\/www.europesays.com\/pt\/wp-json\/wp\/v2\/posts\/227144\/revisions"}],"wp:featuredmedia":[{"embeddable":true,"href":"https:\/\/www.europesays.com\/pt\/wp-json\/wp\/v2\/media\/227145"}],"wp:attachment":[{"href":"https:\/\/www.europesays.com\/pt\/wp-json\/wp\/v2\/media?parent=227144"}],"wp:term":[{"taxonomy":"category","embeddable":true,"href":"https:\/\/www.europesays.com\/pt\/wp-json\/wp\/v2\/categories?post=227144"},{"taxonomy":"post_tag","embeddable":true,"href":"https:\/\/www.europesays.com\/pt\/wp-json\/wp\/v2\/tags?post=227144"}],"curies":[{"name":"wp","href":"https:\/\/api.w.org\/{rel}","templated":true}]}}