{"id":227156,"date":"2026-01-13T20:23:16","date_gmt":"2026-01-13T20:23:16","guid":{"rendered":"https:\/\/www.europesays.com\/pt\/227156\/"},"modified":"2026-01-13T20:23:16","modified_gmt":"2026-01-13T20:23:16","slug":"surpresa-venceu-um-secret-story-em-portugal-e-agora-anuncia-gravidez-o-nosso-maior-segredo-primeira-companhia","status":"publish","type":"post","link":"https:\/\/www.europesays.com\/pt\/227156\/","title":{"rendered":"Surpresa! Venceu um Secret Story em Portugal e agora anuncia gravidez: \u00abO nosso maior segredo\u00bb &#8211; Primeira Companhia"},"content":{"rendered":"<p>O ano de 2026 est\u00e1 a come\u00e7ar bem para esta ex-concorrente portuguesa. Aos 35 anos anuncia que vai ser m\u00e3e pela primeira vez e deixa os seguidores em \u00eaxtase com a novidade: \u00ab17 semanas a guardar o nosso maior segredo \ud83d\udc76\ud83e\udd0d\u00bb, l\u00ea-se na legenda do v\u00eddeo partilhado no Instagram.<\/p>\n<p>Falamos de Carina Ferreira, ex-concorrente do Secret Story 7, edi\u00e7\u00e3o que a levou at\u00e9 \u00e0 final e grande vencedora do Secret Story &#8211; O Reencontro, em que participou depois e acabou por ganhar.\u00a0<\/p>\n<p>\u00a0<\/p>\n<p>Na caixa de coment\u00e1rios da publica\u00e7\u00e3o s\u00e3o v\u00e1rias as mensagens de parab\u00e9ns nesta fase t\u00e3o feliz da vida de Carina Ferreira, nomeadamente de outros ex-concorrentes como R\u00faben Boa Nova e V\u00e2nia S\u00e1, que tamb\u00e9m foi m\u00e3e h\u00e1 poucos dias da pequena Leonor.\u00a0<\/p>\n<p>Veja o v\u00eddeo da grande revela\u00e7\u00e3o e percorra a galeria de fotografias que prepar\u00e1mos para si com as melhores imagens de Carina Ferreira.\u00a0<\/p>\n","protected":false},"excerpt":{"rendered":"O ano de 2026 est\u00e1 a come\u00e7ar bem para esta ex-concorrente portuguesa. Aos 35 anos anuncia que vai&hellip;\n","protected":false},"author":2,"featured_media":227157,"comment_status":"","ping_status":"","sticky":false,"template":"","format":"standard","meta":{"footnotes":""},"categories":[85],"tags":[41536,43692,114,115,18705,2611,1041,8204,32,33,41535],"class_list":{"0":"post-227156","1":"post","2":"type-post","3":"status-publish","4":"format-standard","5":"has-post-thumbnail","7":"category-entretenimento","8":"tag-bastidores-da-recruta","9":"tag-carina-ferreira","10":"tag-entertainment","11":"tag-entretenimento","12":"tag-entrevistas-concorrentes-tvi","13":"tag-gravida","14":"tag-gravidez","15":"tag-mae","16":"tag-portugal","17":"tag-pt","18":"tag-vida-fora-da-base"},"share_on_mastodon":{"url":"https:\/\/pubeurope.com\/@pt\/115889661734894911","error":""},"_links":{"self":[{"href":"https:\/\/www.europesays.com\/pt\/wp-json\/wp\/v2\/posts\/227156","targetHints":{"allow":["GET"]}}],"collection":[{"href":"https:\/\/www.europesays.com\/pt\/wp-json\/wp\/v2\/posts"}],"about":[{"href":"https:\/\/www.europesays.com\/pt\/wp-json\/wp\/v2\/types\/post"}],"author":[{"embeddable":true,"href":"https:\/\/www.europesays.com\/pt\/wp-json\/wp\/v2\/users\/2"}],"replies":[{"embeddable":true,"href":"https:\/\/www.europesays.com\/pt\/wp-json\/wp\/v2\/comments?post=227156"}],"version-history":[{"count":0,"href":"https:\/\/www.europesays.com\/pt\/wp-json\/wp\/v2\/posts\/227156\/revisions"}],"wp:featuredmedia":[{"embeddable":true,"href":"https:\/\/www.europesays.com\/pt\/wp-json\/wp\/v2\/media\/227157"}],"wp:attachment":[{"href":"https:\/\/www.europesays.com\/pt\/wp-json\/wp\/v2\/media?parent=227156"}],"wp:term":[{"taxonomy":"category","embeddable":true,"href":"https:\/\/www.europesays.com\/pt\/wp-json\/wp\/v2\/categories?post=227156"},{"taxonomy":"post_tag","embeddable":true,"href":"https:\/\/www.europesays.com\/pt\/wp-json\/wp\/v2\/tags?post=227156"}],"curies":[{"name":"wp","href":"https:\/\/api.w.org\/{rel}","templated":true}]}}