{"id":227160,"date":"2026-01-13T20:26:07","date_gmt":"2026-01-13T20:26:07","guid":{"rendered":"https:\/\/www.europesays.com\/pt\/227160\/"},"modified":"2026-01-13T20:26:07","modified_gmt":"2026-01-13T20:26:07","slug":"parlamento-ucraniano-confirma-saida-de-ministro-da-defesa","status":"publish","type":"post","link":"https:\/\/www.europesays.com\/pt\/227160\/","title":{"rendered":"Parlamento ucraniano confirma sa\u00edda de ministro da Defesa"},"content":{"rendered":"<p>De acordo com um comunicado da Verkhovna Rada (parlamento), 265 deputados aprovaram a sa\u00edda de Shmyhal como condi\u00e7\u00e3o para que este assuma o Minist\u00e9rio da Energia, um cargo manchado pelo esc\u00e2ndalo de corrup\u00e7\u00e3o que levou \u00e0s demiss\u00f5es da anterior ministra Svitlana Hrynchuk e do ex-ministro da Justi\u00e7a German Galushchenko, no final de 2025.<\/p>\n<p>No entanto, segundo a ag\u00eancia estatal Ukrinform, Shmygal n\u00e3o obteve o n\u00famero de votos necess\u00e1rio dos 395 deputados que atualmente comp\u00f5em o parlamento para acumular a Energia com o cargo de vice-primeiro-ministro.<\/p>\n<p>Antes de ocupar a pasta da Defesa, em julho do ano passado, Denys Shmygal foi primeiro-ministro durante cinco anos.<\/p>\n<p>O Minist\u00e9rio da Energia esteve no centro de uma opera\u00e7\u00e3o especial do Gabinete Nacional Anticorrup\u00e7\u00e3o, ap\u00f3s a descoberta de provas de uma rede destinada a exercer influ\u00eancia sobre empresas estatais, incluindo a Energoatom.<\/p>\n<p>Artem Nekrasov desempenhava as fun\u00e7\u00f5es de ministro interino desde o in\u00edcio da investiga\u00e7\u00e3o.<\/p>\n<p>Em rela\u00e7\u00e3o \u00e0 Defesa, segundo o deputado Yaroslav Zelezhnyak, em declara\u00e7\u00f5es \u00e0 Ukrinform, o l\u00edder ucraniano j\u00e1 solicitou formalmente ao parlamento que aprove a transi\u00e7\u00e3o de Mykhailo Fedorov, em substitui\u00e7\u00e3o de Shmyhal.<\/p>\n<p>A demiss\u00e3o de Fedorov da pasta da Transforma\u00e7\u00e3o Digital foi tamb\u00e9m aprovada hoje pela Verkhovna Rada, com 270 votos a favor.<\/p>\n<p>Aos 34 anos, Fedorov \u00e9 um dos pol\u00edticos emergentes da Ucr\u00e2nia e uma figura central no ambicioso processo de digitaliza\u00e7\u00e3o da administra\u00e7\u00e3o p\u00fablica, iniciado por Kiev desde que Zelensky assumiu a presid\u00eancia em 2019.<\/p>\n<p>Enquanto ministro da Transforma\u00e7\u00e3o Digital, Fedorov liderou uma iniciativa para equipar o Ex\u00e9rcito ucraniano com um grande n\u00famero de drones atrav\u00e9s de doa\u00e7\u00f5es privadas e aumentar os recursos para enfrentar a invas\u00e3o russa, iniciada em fevereiro de 2022.<\/p>\n<p>Quanto ao l\u00edder do SBU, Zelensky anunciou a sua sa\u00edda no in\u00edcio deste m\u00eas.<\/p>\n<p>V\u00e1rios generais e outras figuras influentes no aparelho militar e de seguran\u00e7a da Ucr\u00e2nia manifestaram o seu apoio a Maliuk antes de Zelensky o demitir oficialmente.<\/p>\n<p>A comiss\u00e3o parlamentar de Seguran\u00e7a Nacional, Defesa e Informa\u00e7\u00f5es n\u00e3o apoiou, na segunda-feira, a sua destitui\u00e7\u00e3o, remetendo a decis\u00e3o para a Verkhovna Rada, que endossou a proposta do Presidente, com 235 votos, apenas nove acima dos necess\u00e1rios.<\/p>\n<p>O Presidente ucraniano ainda n\u00e3o anunciou publicamente o seu sucessor.<\/p>\n<p>Leia Tamb\u00e9m: <a href=\"https:\/\/www.noticiasaominuto.com\/mundo\/2912867\/zelensky-anuncia-mudancas-no-governo-e-escolhe-novo-ministro-da-defesa\" target=\"_blank\" rel=\"noopener noreferrer nofollow\">Zelensky anuncia mudan\u00e7as no Governo e escolhe novo ministro da Defesa<\/a><\/p>\n","protected":false},"excerpt":{"rendered":"De acordo com um comunicado da Verkhovna Rada (parlamento), 265 deputados aprovaram a sa\u00edda de Shmyhal como condi\u00e7\u00e3o&hellip;\n","protected":false},"author":2,"featured_media":227161,"comment_status":"","ping_status":"","sticky":false,"template":"","format":"standard","meta":{"footnotes":""},"categories":[50],"tags":[27,28,15,16,14,25,26,21,22,62,12,13,19,20,23,24,17,18,29,30,31,63,64,65],"class_list":{"0":"post-227160","1":"post","2":"type-post","3":"status-publish","4":"format-standard","5":"has-post-thumbnail","7":"category-mundo","8":"tag-breaking-news","9":"tag-breakingnews","10":"tag-featured-news","11":"tag-featurednews","12":"tag-headlines","13":"tag-latest-news","14":"tag-latestnews","15":"tag-main-news","16":"tag-mainnews","17":"tag-mundo","18":"tag-news","19":"tag-noticias","20":"tag-noticias-principais","21":"tag-noticiasprincipais","22":"tag-principais-noticias","23":"tag-principaisnoticias","24":"tag-top-stories","25":"tag-topstories","26":"tag-ultimas","27":"tag-ultimas-noticias","28":"tag-ultimasnoticias","29":"tag-world","30":"tag-world-news","31":"tag-worldnews"},"share_on_mastodon":{"url":"https:\/\/pubeurope.com\/@pt\/115889673596902879","error":""},"_links":{"self":[{"href":"https:\/\/www.europesays.com\/pt\/wp-json\/wp\/v2\/posts\/227160","targetHints":{"allow":["GET"]}}],"collection":[{"href":"https:\/\/www.europesays.com\/pt\/wp-json\/wp\/v2\/posts"}],"about":[{"href":"https:\/\/www.europesays.com\/pt\/wp-json\/wp\/v2\/types\/post"}],"author":[{"embeddable":true,"href":"https:\/\/www.europesays.com\/pt\/wp-json\/wp\/v2\/users\/2"}],"replies":[{"embeddable":true,"href":"https:\/\/www.europesays.com\/pt\/wp-json\/wp\/v2\/comments?post=227160"}],"version-history":[{"count":0,"href":"https:\/\/www.europesays.com\/pt\/wp-json\/wp\/v2\/posts\/227160\/revisions"}],"wp:featuredmedia":[{"embeddable":true,"href":"https:\/\/www.europesays.com\/pt\/wp-json\/wp\/v2\/media\/227161"}],"wp:attachment":[{"href":"https:\/\/www.europesays.com\/pt\/wp-json\/wp\/v2\/media?parent=227160"}],"wp:term":[{"taxonomy":"category","embeddable":true,"href":"https:\/\/www.europesays.com\/pt\/wp-json\/wp\/v2\/categories?post=227160"},{"taxonomy":"post_tag","embeddable":true,"href":"https:\/\/www.europesays.com\/pt\/wp-json\/wp\/v2\/tags?post=227160"}],"curies":[{"name":"wp","href":"https:\/\/api.w.org\/{rel}","templated":true}]}}