{"id":227164,"date":"2026-01-13T20:28:16","date_gmt":"2026-01-13T20:28:16","guid":{"rendered":"https:\/\/www.europesays.com\/pt\/227164\/"},"modified":"2026-01-13T20:28:16","modified_gmt":"2026-01-13T20:28:16","slug":"pge-budowlani-lodz-benfica-champions-league","status":"publish","type":"post","link":"https:\/\/www.europesays.com\/pt\/227164\/","title":{"rendered":"PGE Budowlani L\u00f3dz Benfica Champions League"},"content":{"rendered":"<p>                            RESUMO BTV<\/p>\n<tr style=\"background-color: white; border-bottom: 1px solid white;\">\n<td style=\"font-weight: bold; font-size: 30px;\" colspan=\"5\">CEV Champions League<\/td>\n<\/tr>\n<tr>\n<td colspan=\"5\">Grupo B<br \/>4.\u00aa jornada<\/td>\n<\/tr>\n<tr>\n<td style=\"padding: 10px 0; background-color: #f2f2f2!important;\" colspan=\"5\"><strong>RESULTADO FINAL<\/strong><\/td>\n<\/tr>\n<tr>\n<td style=\"font-size: 20px;\" colspan=\"5\">\n<tr style=\"border-bottom: 1px solid white;\">\n<td style=\"font-size: 20px; background-color: white;\"><strong>PGE Budowlani L\u00f3dz<\/strong><\/td>\n<td style=\"\/* border-right: 1px solid #f4f4f4; *\/ font-size: 55px; background-color: white;\"><strong>3<\/strong><\/td>\n<\/tr>\n<tr class=\"red\" style=\"border-bottom: 1px solid white;\">\n<td style=\"font-size: 20px;\"><strong>Benfica<\/strong><\/td>\n<td style=\"\/* border-right: 1px solid #f4f4f4; *\/ font-size: 55px;\"><strong>0<\/strong><\/td>\n<\/tr>\n<\/td>\n<\/tr>\n<tr>\n<td style=\"border-right: 1px solid #f4f4f4; background-color: #f2f2f2!important;\">1.\u00ba set<\/td>\n<td style=\"border-right: 1px solid #f4f4f4; background-color: #f2f2f2!important;\">2.\u00ba set<\/td>\n<td style=\"border-right: 1px solid #f4f4f4; background-color: #f2f2f2!important;\">3.\u00ba set<\/td>\n<\/tr>\n<tr>\n<td style=\"border-right: 1px solid #f4f4f4;\"><strong>28-26<\/strong><\/td>\n<td><strong>25-13<\/strong><\/td>\n<td><strong>25-15<\/strong><\/td>\n<\/tr>\n<p>A equipa feminina de voleibol do <a href=\"https:\/\/www.slbenfica.pt\/pt-pt\/modalidades\/voleibol?teamGender=female&amp;teamRank=16094ecf-9e78-4e3e-bcdf-28e4f765de9f\" rel=\"nofollow noopener\" target=\"_blank\"><strong>Benfica<\/strong><\/a> perdeu com o PGE Budowlani L\u00f3dz, por 3-0, em jogo da 4.\u00aa jornada do Grupo B da CEV Champions League.<\/p>\n<p>Foi com a inten\u00e7\u00e3o de mostrar a sua for\u00e7a e voltar a levar este advers\u00e1rio de vencida que o Benfica se deslocou \u00e0 <strong>L\u00f3dz Sport Arena, na Pol\u00f3nia<\/strong>, nesta <strong>ter\u00e7a-feira, 13 de janeiro<\/strong>. Na Luz, num jogo que <a href=\"https:\/\/www.slbenfica.pt\/pt-pt\/agora\/media-list\/videos\/2026\/01\/12\/voleibol-feminino-benfica-antevisao-pge-budowlani-lodz-4-jornada-grupo-b-cev-champions-league\" rel=\"nofollow noopener\" target=\"_blank\"><strong>Veronika Djokic recordou<\/strong><\/a> ter sido &#8220;dif\u00edcil&#8221;, as campe\u00e3s nacionais somaram os primeiros pontos na CEV Champions League (<a href=\"https:\/\/www.slbenfica.pt\/pt-pt\/agora\/noticias\/2025\/12\/03\/voleibol-feminino-jogo-benfica-pge-budowlani-lodz-2-jornada-grupo-b-cev-women-champions-league\" rel=\"nofollow noopener\" target=\"_blank\"><strong>3-2<\/strong><\/a>).<\/p>\n<p>Para o duelo, o treinador Henrique Furtado lan\u00e7ou <strong>Mayara Barcelos, Cansu \u00c7etin, Veronika Djokic, Mariana Garcez, Kyra Holt, Claudia Dillon e Tatiana Rizzo<\/strong> de in\u00edcio.<\/p>\n<p>A partida come\u00e7ou equilibrada, com <strong>sucessivos empates e altern\u00e2ncias no marcador<\/strong>. Depois da igualdade a 4, a equipa polaca conseguiu colocar-se em vantagem por 2 pontos, fruto dos ataques junto da rede. Com o bloco a funcionar, <strong>Veronika Djokic fez o 8-7<\/strong>. A beneficiar de alguns servi\u00e7os e rece\u00e7\u00f5es falhadas pelo Benfica, o PGE Budowlani L\u00f3dz descolou e, aos 16-12, for\u00e7ou um pedido de desconto de tempo de Henrique Furtado.<\/p>\n<p>Com uma <strong>diagonal sem hip\u00f3tese de defesa, Cansu \u00c7etin fez o 16-13<\/strong> e deu o mote para a resposta encarnada. Depois de um grande rally, com o resultado em 16-15, a <strong>forma\u00e7\u00e3o da casa atacou para fora e restabeleceu-se o empate (16-16)<\/strong>. O Benfica passou para a frente do marcador aos <strong>19-20<\/strong> e <strong>dilatou a vantagem para 2 pontos aos 20-22<\/strong>, um momento importante na reta final de um set pautado pelo equil\u00edbrio. O <strong>PGE Budowlani L\u00f3dz respondeu, igualou e for\u00e7ou as vantagens<\/strong>. O 1.\u00ba set terminou com o resultado de <strong>28-26<\/strong>, favor\u00e1vel \u00e0s polacas.<\/p>\n<p><img decoding=\"async\" src=\"https:\/\/www.europesays.com\/pt\/wp-content\/uploads\/2026\/01\/claudia-dillon-1-thumbnail.jpg\" alt=\"Benfica-PGE Budowlani L\u00f3dz\" width=\"926px\" height=\"522px\"\/><\/p>\n<p>O <strong>Benfica entrou determinado no 2.\u00ba set<\/strong> e fez um <strong>parcial de 0-3<\/strong>. Do outro lado da rede, a <strong>rea\u00e7\u00e3o surgiu em for\u00e7a<\/strong> e rapidamente se registou um 3-3 no marcador, seguindo-se a vantagem da forma\u00e7\u00e3o da casa. A usar o bloco da equipa da Pol\u00f3nia a seu favor, as <strong>encarnadas encostaram a 6-5<\/strong>, <strong>mas n\u00e3o conseguiram travar o \u00edmpeto contr\u00e1rio (9-6)<\/strong>. A desvantagem foi-se acentuando e, aos 16-10, Henrique Furtado teve de parar o encontro.<\/p>\n<p>A perder por 19-10, o <strong>Benfica continuou a apresentar erros na rece\u00e7\u00e3o<\/strong>, n\u00e3o conseguiu recuperar e <strong>perdeu por 25-13<\/strong>.<\/p>\n<p>O PGE Budowlani L\u00f3dz construiu uma vantagem de 4 pontos no in\u00edcio do 3.\u00ba set (6-2). O <strong>Benfica ainda se aproximou (8-6)<\/strong>, mas a falta de consist\u00eancia no ataque continuou a penalizar (11-6). <strong>Apesar do esfor\u00e7o, as \u00e1guias n\u00e3o inverteram o rumo dos acontecimentos e perderam, por 25-15 (3-0 no jogo)<\/strong>.<\/p>\n<p>Segue-se um fim de semana de<strong> 2 jogos<\/strong> para as campe\u00e3s nacionais, frente ao <strong>Vit\u00f3ria SC<\/strong>. No <strong>s\u00e1bado, 17 de janeiro, o Benfica desloca-se ao Pavilh\u00e3o da Unidade Vimaranense<\/strong>, em compromisso dos <strong>oitavos de final da Ta\u00e7a de Portugal<\/strong>, com in\u00edcio \u00e0s <strong>18h00<\/strong>. No <strong>dia 18, \u00e0s 15h00<\/strong>, as equipas disputam a <strong>15.\u00aa jornada da 1.\u00aa fase do Campeonato Nacional<\/strong>, no <strong>Pavilh\u00e3o n.\u00ba 2 da Luz<\/strong>.<\/p>\n<p><img decoding=\"async\" src=\"https:\/\/www.europesays.com\/pt\/wp-content\/uploads\/2026\/01\/1768336096_826_equipa-1-thumbnail.jpg\" alt=\"Benfica-PGE Budowlani L\u00f3dz\" width=\"926px\" height=\"522px\"\/><\/p>\n<tr>\n<td style=\"background-color: #f2f2f2!important;\" colspan=\"5\"><strong>CEV Women Champions League (fase de grupos) | 4.\u00aa jornada (Grupo B) | 13\/01\/2026<\/strong><\/td>\n<\/tr>\n<tr style=\"background-color: #ffffff;\">\n<td style=\"font-size: 25px !important; font-weight: 500; padding: 0 0 20px;\" colspan=\"5\">PGE Budowlani L\u00f3dz-Benfica<br \/>3-0<br \/>L\u00f3dz Sport Arena<\/td>\n<\/tr>\n<tr>\n<td style=\"background-color: #f2f2f2!important;\" colspan=\"5\"><strong>Forma\u00e7\u00e3o inicial do Benfica<\/strong><\/td>\n<\/tr>\n<tr>\n<td style=\"padding: 15px 20px;\" colspan=\"5\">Mayara Barcelos, Cansu \u00c7etin, Veronika Djokic, Mariana Garcez, Kyra Holt, Claudia Dillon e Tatiana Rizzo (L)<\/td>\n<\/tr>\n<tr>\n<td style=\"background-color: #f2f2f2!important;\" colspan=\"5\"><strong>Suplentes<\/strong><\/td>\n<\/tr>\n<tr>\n<td style=\"padding: 15px 20px;\" colspan=\"5\">Isidora Ubavic, Joana Garcez, Alice Clemente, Emilia Balagu\u00e9, Matilde Ferreira e Marta Aleixo (L)<\/td>\n<\/tr>\n<tr>\n<td style=\"background-color: #f2f2f2!important;\" colspan=\"5\"><strong>Treinador do Benfica<\/strong><\/td>\n<\/tr>\n<tr>\n<td style=\"padding: 15px 20px;\" colspan=\"5\">Henrique Furtado<\/td>\n<\/tr>\n<tr>\n<td style=\"background-color: #f2f2f2!important;\" colspan=\"5\"><strong>Forma\u00e7\u00e3o inicial do PGE Budowlani L\u00f3dz<\/strong><\/td>\n<\/tr>\n<tr>\n<td style=\"padding: 15px 20px;\" colspan=\"5\">Joanna Lelonkiewicz, Maja Storck, Paulina Damaske, Sasa Planinsec, Rodica Buterez, Alicja Grabka e Justyna Lysiak (L)<\/td>\n<\/tr>\n<tr>\n<td style=\"background-color: #f2f2f2!important;\" colspan=\"5\"><strong>Suplentes<\/strong><\/td>\n<\/tr>\n<tr>\n<td style=\"padding: 15px 20px;\" colspan=\"5\">Paulina Majkowska, Bruna Hon\u00f3rio Marquez, Karolina Druzkowska, Aleksandra Wenerska, Nadia Siuda, Agata Milewska e Kornelia Drosdowska (L)<\/td>\n<\/tr>\n<tr style=\"border-bottom: 1px solid white; background-color: #f2f2f2!important;\">\n<td style=\"border-right: 1px solid #f4f4f4;\"><strong>1.\u00ba set<\/strong><\/td>\n<td style=\"border-right: 1px solid #f4f4f4;\"><strong>2.\u00ba set<\/strong><\/td>\n<td><strong>3.\u00ba set<\/strong><\/td>\n<\/tr>\n<tr>\n<td style=\"border-right: 1px solid #f4f4f4;\">28-26\u00a0<\/td>\n<td style=\"border-right: 1px solid #f4f4f4;\">25-13<\/td>\n<td>25-15<\/td>\n<\/tr>\n","protected":false},"excerpt":{"rendered":"RESUMO BTV CEV Champions League Grupo B4.\u00aa jornada RESULTADO FINAL PGE Budowlani L\u00f3dz 3 Benfica 0 1.\u00ba set&hellip;\n","protected":false},"author":2,"featured_media":227165,"comment_status":"","ping_status":"","sticky":false,"template":"","format":"standard","meta":{"footnotes":""},"categories":[8],"tags":[27,28,15,16,14,25,26,21,22,12,13,19,20,32,23,24,33,17,18,29,30,31],"class_list":{"0":"post-227164","1":"post","2":"type-post","3":"status-publish","4":"format-standard","5":"has-post-thumbnail","7":"category-principais-noticias","8":"tag-breaking-news","9":"tag-breakingnews","10":"tag-featured-news","11":"tag-featurednews","12":"tag-headlines","13":"tag-latest-news","14":"tag-latestnews","15":"tag-main-news","16":"tag-mainnews","17":"tag-news","18":"tag-noticias","19":"tag-noticias-principais","20":"tag-noticiasprincipais","21":"tag-portugal","22":"tag-principais-noticias","23":"tag-principaisnoticias","24":"tag-pt","25":"tag-top-stories","26":"tag-topstories","27":"tag-ultimas","28":"tag-ultimas-noticias","29":"tag-ultimasnoticias"},"share_on_mastodon":{"url":"https:\/\/pubeurope.com\/@pt\/115889681509643674","error":""},"_links":{"self":[{"href":"https:\/\/www.europesays.com\/pt\/wp-json\/wp\/v2\/posts\/227164","targetHints":{"allow":["GET"]}}],"collection":[{"href":"https:\/\/www.europesays.com\/pt\/wp-json\/wp\/v2\/posts"}],"about":[{"href":"https:\/\/www.europesays.com\/pt\/wp-json\/wp\/v2\/types\/post"}],"author":[{"embeddable":true,"href":"https:\/\/www.europesays.com\/pt\/wp-json\/wp\/v2\/users\/2"}],"replies":[{"embeddable":true,"href":"https:\/\/www.europesays.com\/pt\/wp-json\/wp\/v2\/comments?post=227164"}],"version-history":[{"count":0,"href":"https:\/\/www.europesays.com\/pt\/wp-json\/wp\/v2\/posts\/227164\/revisions"}],"wp:featuredmedia":[{"embeddable":true,"href":"https:\/\/www.europesays.com\/pt\/wp-json\/wp\/v2\/media\/227165"}],"wp:attachment":[{"href":"https:\/\/www.europesays.com\/pt\/wp-json\/wp\/v2\/media?parent=227164"}],"wp:term":[{"taxonomy":"category","embeddable":true,"href":"https:\/\/www.europesays.com\/pt\/wp-json\/wp\/v2\/categories?post=227164"},{"taxonomy":"post_tag","embeddable":true,"href":"https:\/\/www.europesays.com\/pt\/wp-json\/wp\/v2\/tags?post=227164"}],"curies":[{"name":"wp","href":"https:\/\/api.w.org\/{rel}","templated":true}]}}