{"id":227174,"date":"2026-01-13T20:35:14","date_gmt":"2026-01-13T20:35:14","guid":{"rendered":"https:\/\/www.europesays.com\/pt\/227174\/"},"modified":"2026-01-13T20:35:14","modified_gmt":"2026-01-13T20:35:14","slug":"ruben-amorim-pode-voltar-ao-ativo-na-premier-league-e-destino-surpreende","status":"publish","type":"post","link":"https:\/\/www.europesays.com\/pt\/227174\/","title":{"rendered":"Ruben Amorim pode voltar ao ativo na Premier League e destino surpreende"},"content":{"rendered":"<p>Ruben Amorim foi despedido do comando t\u00e9cnico do Manchester United nos primeiros dias do m\u00eas de janeiro. Processada a sa\u00edda dos red devils, o treinador portugu\u00eas regressou a Portugal no passado s\u00e1bado&#8230; mas pode estar de regresso \u00e0 Premier League. Confuso? H\u00e1 quem encontre uma justifica\u00e7\u00e3o para isso.<\/p>\n<p>Sol Campbell, antigo internacional por Inglaterra, acredita que Ruben Amorim pode estar de olho num lugar que, em breve, pode ficar vago no Tottenham, isto apesar de, nos \u00faltimos dias, ter corrido o rumor de que Amorim iria ficar afastado dos relvado at\u00e9 ao final da presente temporada.<\/p>\n<p>Numa entrevista concedida esta ter\u00e7a-feira \u00e0 Sky Bet, o antigo central, que j\u00e1 passou pelo Tottenham, foi questionado sobre quem seria o pr\u00f3ximo treinador ideal para os spurs, ao que Sol Campbell apontou o nome do antigo treinador do Manchester United.<\/p>\n<p>&#8220;Ruben Amorim.\u00a0Eles v\u00e3o estar de olho nele. Provavelmente est\u00e3o a falar com ele agora, o que n\u00e3o me surpreenderia. N\u00e3o acho que ele v\u00e1 voltar para Portugal. O Tottenham ir\u00e1 conversar com ele para ver se h\u00e1 alguma situa\u00e7\u00e3o em andamento, haver\u00e1 pessoas a falar nos bastidores&#8221;, come\u00e7ou por dizer o antigo jogador do Tottenham e do Arsenal.<\/p>\n<p>Campbell falou tamb\u00e9m de Thomas Frank, que esta \u00e9poca chegou ao emblema de Londres proveniente do Brentford.<\/p>\n<p>&#8220;O Thomas Frank \u00e9 um excelente treinador, mas j\u00e1 n\u00e3o est\u00e1 no Brentford, \u00e9 uma situa\u00e7\u00e3o completamente diferente. O Tottenham \u00e9 um grande clube e as pessoas s\u00e3o exigentes. Querem sucesso e querem continuar a avan\u00e7ar de forma bem-sucedida. Por isso, n\u00e3o me surpreenderia se estivessem a falar com outros treinadores&#8221;, prosseguiu o antigo jogador.<\/p>\n<p>&#8220;Obviamente, se ele come\u00e7ar a dar a volta \u00e0 situa\u00e7\u00e3o, a ganhar jogos e a ter bons desempenhos, isso ajuda. \u00c0s vezes, n\u00e3o \u00e9 preciso ganhar, mas se conseguir ter bons desempenhos e mostrar que est\u00e1 a avan\u00e7ar na dire\u00e7\u00e3o certa, isso pode ajudar. Mas eles v\u00e3o conversar com outros treinadores. Isso faz parte at\u00e9 mostrar quem \u00e9 e come\u00e7ar a ganhar regularmente&#8221;, finalizou Sol Campbell.<\/p>\n<p>                                                    Sucessor de Amorim no United \u00e0 vista<\/p>\n<p>O Manchester United j\u00e1 ter\u00e1 tudo selado, esta ter\u00e7a-feira, para a chegada de Michael Carrick para o cargo de treinador&#8230; a t\u00edtulo provis\u00f3rio, avan\u00e7a a imprensa inglesa. O antigo m\u00e9dio, de 44 anos, ficar\u00e1 aos comandos da equipa at\u00e9 final da temporada, sucedendo a Ruben Amorim, mas no pr\u00f3ximo ver\u00e3o dever\u00e1 chegar um novo mais sonante a Old Trafford.<\/p>\n<p>Steve Holland, Jonathan Woodgate, Jonny Evans e Travis Binnion s\u00e3o elementos que devem fazer parte da equipa t\u00e9cnica liderada por Carrick, cuja estreia acontece j\u00e1 no pr\u00f3ximo s\u00e1bado, diante do rival Manchester City, em mais uma ronda da Premier League.<\/p>\n<p>Por seu turno, Darren Fletcher, que havia feito a transi\u00e7\u00e3o ap\u00f3s a sa\u00edda de Ruben Amorim, com um saldo de um empate e uma derrota em dois jogos, regressar\u00e1 ao comando t\u00e9cnico dos sub-18.<\/p>\n<p>Refira-se que Michael Carrick conta com tr\u00eas anos de experi\u00eancia na fun\u00e7\u00e3o de treinador principal, todos eles vividos no Middlesbrough. Pelo Manchester United vestiu a camisola, enquanto jogador, por 463 ocasi\u00f5es, fazendo ainda parte da equipa t\u00e9cnica de Ole Gunnar Solskjaer durante quatro temporadas e assumindo o lugar de interino (duas vit\u00f3rias em tr\u00eas jogos) que agora vai recuperar.<\/p>\n<p>                                                    <img decoding=\"async\" height=\"640\" with=\"360\" src=\"https:\/\/www.europesays.com\/pt\/wp-content\/uploads\/2026\/01\/naom_6964c1f9ea977.jpg\" border=\"0\" alt=\"Nani comenta sa\u00edda de Amorim do United: \"\/><\/p>\n<p>Lu\u00eds Nani, ex-jogador do Sporting e do Manchester United, comenta sobre a fase negativa que o clube ingl\u00eas atravessa ap\u00f3s o despedimento de Ruben Amorim e a procura pelo seu sucessor.<\/p>\n<p>                                                     Davide Rodrigues Ara\u00fajo | 09:48 &#8211; 12\/01\/2026 <\/p>\n","protected":false},"excerpt":{"rendered":"Ruben Amorim foi despedido do comando t\u00e9cnico do Manchester United nos primeiros dias do m\u00eas de janeiro. Processada&hellip;\n","protected":false},"author":2,"featured_media":227175,"comment_status":"","ping_status":"","sticky":false,"template":"","format":"standard","meta":{"footnotes":""},"categories":[87],"tags":[135,32,33,134],"class_list":{"0":"post-227174","1":"post","2":"type-post","3":"status-publish","4":"format-standard","5":"has-post-thumbnail","7":"category-desporto","8":"tag-desporto","9":"tag-portugal","10":"tag-pt","11":"tag-sports"},"share_on_mastodon":{"url":"https:\/\/pubeurope.com\/@pt\/115889709518160390","error":""},"_links":{"self":[{"href":"https:\/\/www.europesays.com\/pt\/wp-json\/wp\/v2\/posts\/227174","targetHints":{"allow":["GET"]}}],"collection":[{"href":"https:\/\/www.europesays.com\/pt\/wp-json\/wp\/v2\/posts"}],"about":[{"href":"https:\/\/www.europesays.com\/pt\/wp-json\/wp\/v2\/types\/post"}],"author":[{"embeddable":true,"href":"https:\/\/www.europesays.com\/pt\/wp-json\/wp\/v2\/users\/2"}],"replies":[{"embeddable":true,"href":"https:\/\/www.europesays.com\/pt\/wp-json\/wp\/v2\/comments?post=227174"}],"version-history":[{"count":0,"href":"https:\/\/www.europesays.com\/pt\/wp-json\/wp\/v2\/posts\/227174\/revisions"}],"wp:featuredmedia":[{"embeddable":true,"href":"https:\/\/www.europesays.com\/pt\/wp-json\/wp\/v2\/media\/227175"}],"wp:attachment":[{"href":"https:\/\/www.europesays.com\/pt\/wp-json\/wp\/v2\/media?parent=227174"}],"wp:term":[{"taxonomy":"category","embeddable":true,"href":"https:\/\/www.europesays.com\/pt\/wp-json\/wp\/v2\/categories?post=227174"},{"taxonomy":"post_tag","embeddable":true,"href":"https:\/\/www.europesays.com\/pt\/wp-json\/wp\/v2\/tags?post=227174"}],"curies":[{"name":"wp","href":"https:\/\/api.w.org\/{rel}","templated":true}]}}