{"id":227180,"date":"2026-01-13T20:39:09","date_gmt":"2026-01-13T20:39:09","guid":{"rendered":"https:\/\/www.europesays.com\/pt\/227180\/"},"modified":"2026-01-13T20:39:09","modified_gmt":"2026-01-13T20:39:09","slug":"salvador-caetano-compra-grupo-automovel-irlandes-com-quase-mil-milhoes-de-euros-em-faturacao","status":"publish","type":"post","link":"https:\/\/www.europesays.com\/pt\/227180\/","title":{"rendered":"Salvador Caetano compra grupo autom\u00f3vel irland\u00eas com quase mil milh\u00f5es de euros em fatura\u00e7\u00e3o"},"content":{"rendered":"<p>A Salvador Caetano Auto concretizou a aquisi\u00e7\u00e3o do Grupo Cedar, um dos maiores grupos de distribui\u00e7\u00e3o e retalho autom\u00f3vel da Irlanda, marcando a sua entrada, pela primeira vez, no mercado irland\u00eas.<\/p>\n<p>O Grupo Cedar, que passa agora a integrar a Salvador Caetano, comercializou cerca de 28 mil viaturas em 2025, emprega mais de 600 colaboradores e regista um volume de neg\u00f3cios anual pr\u00f3ximo de mil milh\u00f5es de euros. A sua atividade assenta na importa\u00e7\u00e3o e distribui\u00e7\u00e3o exclusiva das marcas Renault, Dacia, Alpine e Nissan, complementada por uma rede de nove concession\u00e1rios pr\u00f3prios, bem como pela representa\u00e7\u00e3o de outras marcas como Peugeot, Citro\u00ebn, Mazda, Suzuki e Opel.<\/p>\n<p>O segmento de viaturas usadas assume igualmente um papel estrat\u00e9gico no portef\u00f3lio do grupo, atrav\u00e9s da marca pr\u00f3pria Windsor, suportada por uma rede de comercializa\u00e7\u00e3o com express\u00e3o nacional.<\/p>\n<p>Nesta fase, a equipa de gest\u00e3o do Grupo Cedar mant\u00e9m-se inalterada, assegurando a continuidade da orienta\u00e7\u00e3o estrat\u00e9gica e do desenvolvimento do neg\u00f3cio.<\/p>\n<p>\u201c\u00c9 com grande satisfa\u00e7\u00e3o que anunciamos a nossa entrada no mercado irland\u00eas e damos mais um passo na nossa expans\u00e3o internacional atrav\u00e9s da aquisi\u00e7\u00e3o do Grupo Cedar, uma plataforma estrat\u00e9gica para o nosso crescimento\u201d, afirmou S\u00e9rgio Ribeiro, Administrador Executivo e CEO da Distribui\u00e7\u00e3o Autom\u00f3vel Global \u2013 Salvador Caetano Auto.<\/p>\n<p>Segundo o respons\u00e1vel, o Grupo Cedar est\u00e1 plenamente alinhado com o modelo de neg\u00f3cio da Salvador Caetano, destacando os direitos de distribui\u00e7\u00e3o das marcas Nissan, Renault, Dacia e Alpine, bem como o desempenho registado desde a aquisi\u00e7\u00e3o das concess\u00f5es destas marcas em 2023. \u201cA Irlanda \u00e9 um pa\u00eds din\u00e2mico e em crescimento. Com um legado de inova\u00e7\u00e3o e excel\u00eancia, a Salvador Caetano traz para este mercado a sua experi\u00eancia acumulada ao longo de 80 anos\u201d, sublinhou.<\/p>\n<p>Tamb\u00e9m James McCarthy, CEO do Grupo Cedar, destacou o alinhamento estrat\u00e9gico entre as duas organiza\u00e7\u00f5es. \u201cEsta aquisi\u00e7\u00e3o representa uma oportunidade estrat\u00e9gica para o desenvolvimento futuro do neg\u00f3cio e demonstra um reconhecimento s\u00f3lido do mercado autom\u00f3vel irland\u00eas e das marcas Nissan, Renault, Dacia e Alpine. O nosso grupo passa agora a integrar um din\u00e2mico grupo autom\u00f3vel internacional, com presen\u00e7a em tr\u00eas continentes, o que nos permite beneficiar das melhores pr\u00e1ticas e de 80 anos de experi\u00eancia no setor, \u00e0 medida que continuamos a crescer e a expandir a nossa atua\u00e7\u00e3o na Irlanda,\u201d acrescentou<\/p>\n","protected":false},"excerpt":{"rendered":"A Salvador Caetano Auto concretizou a aquisi\u00e7\u00e3o do Grupo Cedar, um dos maiores grupos de distribui\u00e7\u00e3o e retalho&hellip;\n","protected":false},"author":2,"featured_media":227181,"comment_status":"","ping_status":"","sticky":false,"template":"","format":"standard","meta":{"footnotes":""},"categories":[83],"tags":[88,89,90,32,33],"class_list":{"0":"post-227180","1":"post","2":"type-post","3":"status-publish","4":"format-standard","5":"has-post-thumbnail","7":"category-empresas","8":"tag-business","9":"tag-economy","10":"tag-empresas","11":"tag-portugal","12":"tag-pt"},"share_on_mastodon":{"url":"https:\/\/pubeurope.com\/@pt\/115889724796686565","error":""},"_links":{"self":[{"href":"https:\/\/www.europesays.com\/pt\/wp-json\/wp\/v2\/posts\/227180","targetHints":{"allow":["GET"]}}],"collection":[{"href":"https:\/\/www.europesays.com\/pt\/wp-json\/wp\/v2\/posts"}],"about":[{"href":"https:\/\/www.europesays.com\/pt\/wp-json\/wp\/v2\/types\/post"}],"author":[{"embeddable":true,"href":"https:\/\/www.europesays.com\/pt\/wp-json\/wp\/v2\/users\/2"}],"replies":[{"embeddable":true,"href":"https:\/\/www.europesays.com\/pt\/wp-json\/wp\/v2\/comments?post=227180"}],"version-history":[{"count":0,"href":"https:\/\/www.europesays.com\/pt\/wp-json\/wp\/v2\/posts\/227180\/revisions"}],"wp:featuredmedia":[{"embeddable":true,"href":"https:\/\/www.europesays.com\/pt\/wp-json\/wp\/v2\/media\/227181"}],"wp:attachment":[{"href":"https:\/\/www.europesays.com\/pt\/wp-json\/wp\/v2\/media?parent=227180"}],"wp:term":[{"taxonomy":"category","embeddable":true,"href":"https:\/\/www.europesays.com\/pt\/wp-json\/wp\/v2\/categories?post=227180"},{"taxonomy":"post_tag","embeddable":true,"href":"https:\/\/www.europesays.com\/pt\/wp-json\/wp\/v2\/tags?post=227180"}],"curies":[{"name":"wp","href":"https:\/\/api.w.org\/{rel}","templated":true}]}}