{"id":227184,"date":"2026-01-13T20:41:08","date_gmt":"2026-01-13T20:41:08","guid":{"rendered":"https:\/\/www.europesays.com\/pt\/227184\/"},"modified":"2026-01-13T20:41:08","modified_gmt":"2026-01-13T20:41:08","slug":"joao-este-pais-nao-e-para-quem-nao-esta-bem-da-cabeca-observador","status":"publish","type":"post","link":"https:\/\/www.europesays.com\/pt\/227184\/","title":{"rendered":"&#8220;Jo\u00e3o, este pa\u00eds n\u00e3o \u00e9 para quem n\u00e3o est\u00e1 bem da cabe\u00e7a&#8221; \u2013 Observador"},"content":{"rendered":"<p>Ao final da tarde, j\u00e1 de noite e em frente ao Castelo de Guimar\u00e3es, Andr\u00e9 Ventura apostou forte no apelo ao voto e dedicou-se a diferenciar imigra\u00e7\u00e3o de emigra\u00e7\u00e3o num \u201cmomento em que o pa\u00eds \u00e9 t\u00e3o afetado, t\u00e3o destru\u00eddo, t\u00e3o dilacerado\u201d.<\/p>\n<p>O candidato a Bel\u00e9m afirmou que os que vieram, leia-se imigrantes, \u201cn\u00e3o mandam abaixo a nacionalidade\u201d portuguesa e jurou: \u201cSomos a \u00fanica candidatura que n\u00e3o medo de dizer patriotas, que amamos este pa\u00eds, que a bandeira \u00e9 o que nos move e que n\u00e3o aceitaremos que nenhuma outra as substitua.\u201d<\/p>\n<p>E focou-se nos emigrantes \u2014 depois de ter vencido no estrangeiro nas \u00faltimas legislativas \u2014 para sugerir que Portugal devia ser \u201cum pa\u00eds rico, que conseguisse dar aos seus, que conseguisse fixar c\u00e1 os seus jovens e n\u00e3o v\u00ea-los a sair todos os dias para irem para a Su\u00ed\u00e7a, para o Luxemburgo, para a Fran\u00e7a\u201d. \u201cN\u00e3o queremos mais jovens portugueses fora do pa\u00eds. Eu quero ir buscar cada um desses jovens portugueses, cada um para regressarem aqui \u00e0 nossa p\u00e1tria. Cada um deles. O meu mandato n\u00e3o vai estar completo enquanto n\u00e3o for buscar todos\u201d, garantiu o presidente do Chega.<\/p>\n<p>No mesmo sentido, questionou: \u201cQue sentido faz continuarmos a ser um pa\u00eds <strong>cheio de imigra\u00e7\u00e3o<\/strong> dos pa\u00edses do indost\u00e3o e os nossos pr\u00f3prios estarem a ir para fora, [os] que c\u00e1 estudaram, que aqui estiveram nas nossas universidades, e em vez de nos darem riqueza a n\u00f3s, v\u00e3o dar riqueza a outros pa\u00edses da Europa?\u201d<\/p>\n<p>No pontap\u00e9 de sa\u00edda para os \u201c\u00faltimos dias\u201d, Ventura fez ainda um forte apelo ao voto, agora que, ao contr\u00e1rio do que tem acontecido, as sondagens o colocam nos primeiros lugares. \u201cN\u00e3o podem ser s\u00f3 as sondagens a colocarem-nos em primeiro lugar, temos de ganhar. Nunca fomos de ganhar nas sondagens, se nos p\u00f5em a ganhar \u00e9 porque estamos a dar uma <strong>tareia monumental<\/strong>. Mas este pa\u00eds n\u00e3o se fez com sondagens, fez-se a acreditar que pod\u00edamos mudar\u201d, afirmou, pedindo que \u201cningu\u00e9m se condicione por boas sondagens\u201d. \u201cNada est\u00e1 ganho\u201d, resumiu.<\/p>\n<p>\u201cEssa mudan\u00e7a de um pa\u00eds que est\u00e1 a acordar tem de ser incentivada. T\u00eam de ir votar e levar os outros a votar.\u201d<\/p>\n<p>A dire\u00e7\u00e3o de campanha de Andr\u00e9 Ventura divulgou, esta ter\u00e7a-feira, a lista de donativos e diz que candidato \u00e0 Presid\u00eancia da Rep\u00fablica apenas recebeu <strong>675 euros<\/strong>.<\/p>\n<p>Na lista enviada aos jornalistas que cobrem a campanha do l\u00edder do Chega como candidato a Bel\u00e9m surge o nome de 17 pessoas que contribu\u00edram, n\u00e3o podendo ser divulgado o nome por prote\u00e7\u00e3o de dados.<\/p>\n<p>O valor mais baixo \u00e9 de 10 euros e o mais alto de 100 euros, sendo que os donativos foram feitos entre 31 de dezembro de 2025 e 11 de janeiro deste m\u00eas. Segundo a mesma lista entre 31 de dezembro e dia 8 de janeiro n\u00e3o houve qualquer donativo.<\/p>\n<p>Recorde-se que, no trabalho feito pelo Observador sobre os rendimentos dos candidatos a Bel\u00e9m, Andr\u00e9 Ventura, em 2019,\u00a0<a href=\"https:\/\/observador.pt\/especiais\/ventura-soma-121-85848-euros-na-conta-mas-nao-tem-casa-nem-carro\/\" rel=\"nofollow noopener\" target=\"_blank\">declarava uma conta banc\u00e1ria<\/a>\u00a0como \u201cconta presidenciais AVPR2021\u201d onde tinha cerca de 14 mil euros \u2014 onde alegadamente estariam os donativos dessa altura.<\/p>\n<p>No\u00a0site\u00a0da candidatura de Andr\u00e9 Ventura \u00e9 poss\u00edvel fazer donativos em nome individual \u2014 sendo obrigat\u00f3rio introduzir os dados pessoais, como nome, morada e contribuinte. H\u00e1 um limite legal de 12.500 euros e surge um aviso quando esse valor \u00e9 ultrapassado.<\/p>\n","protected":false},"excerpt":{"rendered":"Ao final da tarde, j\u00e1 de noite e em frente ao Castelo de Guimar\u00e3es, Andr\u00e9 Ventura apostou forte&hellip;\n","protected":false},"author":2,"featured_media":227185,"comment_status":"","ping_status":"","sticky":false,"template":"","format":"standard","meta":{"footnotes":""},"categories":[10],"tags":[3368,27,28,1077,15,16,14,25,26,21,22,12,13,19,20,3369,302,32,1076,23,24,33,17,18,29,30,31],"class_list":{"0":"post-227184","1":"post","2":"type-post","3":"status-publish","4":"format-standard","5":"has-post-thumbnail","7":"category-portugal","8":"tag-andru00e9-ventura","9":"tag-breaking-news","10":"tag-breakingnews","11":"tag-eleiu00e7u00f5es","12":"tag-featured-news","13":"tag-featurednews","14":"tag-headlines","15":"tag-latest-news","16":"tag-latestnews","17":"tag-main-news","18":"tag-mainnews","19":"tag-news","20":"tag-noticias","21":"tag-noticias-principais","22":"tag-noticiasprincipais","23":"tag-partido-chega","24":"tag-polu00edtica","25":"tag-portugal","26":"tag-presidenciais-2026","27":"tag-principais-noticias","28":"tag-principaisnoticias","29":"tag-pt","30":"tag-top-stories","31":"tag-topstories","32":"tag-ultimas","33":"tag-ultimas-noticias","34":"tag-ultimasnoticias"},"share_on_mastodon":{"url":"https:\/\/pubeurope.com\/@pt\/115889732637699144","error":""},"_links":{"self":[{"href":"https:\/\/www.europesays.com\/pt\/wp-json\/wp\/v2\/posts\/227184","targetHints":{"allow":["GET"]}}],"collection":[{"href":"https:\/\/www.europesays.com\/pt\/wp-json\/wp\/v2\/posts"}],"about":[{"href":"https:\/\/www.europesays.com\/pt\/wp-json\/wp\/v2\/types\/post"}],"author":[{"embeddable":true,"href":"https:\/\/www.europesays.com\/pt\/wp-json\/wp\/v2\/users\/2"}],"replies":[{"embeddable":true,"href":"https:\/\/www.europesays.com\/pt\/wp-json\/wp\/v2\/comments?post=227184"}],"version-history":[{"count":0,"href":"https:\/\/www.europesays.com\/pt\/wp-json\/wp\/v2\/posts\/227184\/revisions"}],"wp:featuredmedia":[{"embeddable":true,"href":"https:\/\/www.europesays.com\/pt\/wp-json\/wp\/v2\/media\/227185"}],"wp:attachment":[{"href":"https:\/\/www.europesays.com\/pt\/wp-json\/wp\/v2\/media?parent=227184"}],"wp:term":[{"taxonomy":"category","embeddable":true,"href":"https:\/\/www.europesays.com\/pt\/wp-json\/wp\/v2\/categories?post=227184"},{"taxonomy":"post_tag","embeddable":true,"href":"https:\/\/www.europesays.com\/pt\/wp-json\/wp\/v2\/tags?post=227184"}],"curies":[{"name":"wp","href":"https:\/\/api.w.org\/{rel}","templated":true}]}}