{"id":227190,"date":"2026-01-13T20:46:19","date_gmt":"2026-01-13T20:46:19","guid":{"rendered":"https:\/\/www.europesays.com\/pt\/227190\/"},"modified":"2026-01-13T20:46:19","modified_gmt":"2026-01-13T20:46:19","slug":"participante-envolvido-na-expulsao-de-ana-paula-renault-alfineta-participacao-de-sister-no-bbb-26","status":"publish","type":"post","link":"https:\/\/www.europesays.com\/pt\/227190\/","title":{"rendered":"Participante envolvido na expuls\u00e3o de Ana Paula Renault alfineta participa\u00e7\u00e3o de sister no BBB 26"},"content":{"rendered":"<p>                            <img width=\"944\" height=\"531\" src=\"https:\/\/www.europesays.com\/pt\/wp-content\/uploads\/2026\/01\/Participante-envolvido-na-expulsao-de-Ana-Paula-Renault-se-pronuncia-sobre-sister-no-BBB-26--944x531.jpeg\" class=\"attachment-custom-large size-custom-large article-featured-image\" alt=\"Participante envolvido na expuls\u00e3o de Ana Paula Renault se pronuncia sobre sister no BBB 26\" fetchpriority=\"high\" decoding=\"async\"  \/><\/p>\n<p class=\"image-caption\">Ana Paula foi expulsa ap\u00f3s uma confus\u00e3o que aconteceu durante uma festa do BBB 16 (Foto: Redes sociais, BBB, Reprodu\u00e7\u00e3o) <\/p>\n<p>O ex-BBB Renan Oliveira se pronunciou nas redes sociais na noite desta segunda-feira (12) sobre a participa\u00e7\u00e3o de Ana Paula Renault no BBB 26. Em 2016, a jornalista foi expulsa do <strong><a href=\"https:\/\/www.nsctotal.com.br\/noticias\/bbb-26-lista-completa-dos-participantes-desta-edicao-do-big-brother-brasil\" target=\"_blank\" rel=\"noreferrer noopener nofollow\">reality show<\/a> <\/strong>ap\u00f3s agredir o modelo. Neste ano, ela retornou a casa mais vigiada do Brasil no grupo dos veteranos.<\/p>\n<p>Continua depois da publicidade<\/p>\n<p>Nas redes sociais, Renan postou uma foto da noite em que ela foi expulsa na edi\u00e7\u00e3o do BBB 16 e escreveu: \u201cAcordei com essa not\u00edcia. Veremos os pr\u00f3ximos cap\u00edtulos\u201d.<\/p>\n<p>Ana Paula foi expulsa ap\u00f3s uma confus\u00e3o que aconteceu durante uma festa do BBB 16. Na ocasi\u00e3o, Ad\u00e9lia derramou bebida no cabelo de Ana Paula, que foi confront\u00e1-la. Renan tentou impedir a briga, segurando Ana Paula, que reagiu com dois tapas no rosto dele. A agress\u00e3o levou \u00e0 expuls\u00e3o da jornalista, que era uma das favoritas at\u00e9 ent\u00e3o.<\/p>\n<p>1<\/p>\n<p>VoltarAvan\u00e7ar<\/p>\n<p><img loading=\"lazy\" decoding=\"async\" width=\"1200\" height=\"675\" data-id=\"7779443\" src=\"https:\/\/www.europesays.com\/pt\/wp-content\/uploads\/2026\/01\/Participante-envolvido-na-expulsao-de-Ana-Paula-Renault-se-pronuncia-sobre-sister-no-BBB-26-1.jpg\" alt=\"Participante envolvido na expuls\u00e3o de Ana Paula Renault se pronuncia sobre sister no BBB 26 \" class=\"wp-image-7779443\"  \/><\/p>\n<p>Foto foi publicada nas redes sociais (Foto: Redes sociais, Reprodu\u00e7\u00e3o) <\/p>\n<p>Por onde anda Renan Oliveira? <\/p>\n<p>Renan \u00e9 natural de Amparo, S\u00e3o Paulo e \u00e9 <strong><a href=\"https:\/\/www.nsctotal.com.br\/noticias\/por-onde-anda-o-ex-bbb-que-fez-ana-paula-renault-ser-expulsa-do-reality-show\" target=\"_blank\" rel=\"noreferrer noopener nofollow\">casado com a modelo Julia Melo<\/a><\/strong>, com quem tem uma filha, Liz. Ele tem mais de 740 mil seguidores nas redes sociais, onde mant\u00eam um perfil no qual se descreve como ator e produtor de conte\u00fado.<\/p>\n<p>Continua depois da publicidade<\/p>\n<p>Al\u00e9m de Ana Paula, tamb\u00e9m retornam ao confinamento Babu Santana (BBB 20), Sol Vega (BBB 4), Jonas Sulzbach (BBB 12), Sarah Andrade (BBB 21) e Alberto Cowboy (BBB7).<\/p>\n<p>Relembre os participantes do BBB 161<\/p>\n<p>VoltarAvan\u00e7ar<\/p>\n<p><img loading=\"lazy\" decoding=\"async\" width=\"1200\" height=\"675\" data-id=\"7395357\" src=\"https:\/\/www.europesays.com\/pt\/wp-content\/uploads\/2026\/01\/BBB-16-Adelia.jpg\" alt=\"\" class=\"wp-image-7395357\"  \/><\/p>\n<p>Ad\u00e9lia (Foto: Ellen Soares, Globo)<\/p>\n<p><img loading=\"lazy\" decoding=\"async\" width=\"1200\" height=\"675\" data-id=\"7395358\" src=\"https:\/\/www.europesays.com\/pt\/wp-content\/uploads\/2026\/01\/BBB-16-Alan.jpg\" alt=\"\" class=\"wp-image-7395358\"  \/><\/p>\n<p>Alan (Foto: Ellen Soares, Globo)<\/p>\n<p><img loading=\"lazy\" decoding=\"async\" width=\"1200\" height=\"675\" data-id=\"7395359\" src=\"https:\/\/www.europesays.com\/pt\/wp-content\/uploads\/2026\/01\/BBB-16-Ana-Paula.jpg\" alt=\"\" class=\"wp-image-7395359\"  \/><\/p>\n<p>Ana Paula (Foto: Ellen Soares, Globo)<\/p>\n<p><img loading=\"lazy\" decoding=\"async\" width=\"1200\" height=\"675\" data-id=\"7395360\" src=\"https:\/\/www.europesays.com\/pt\/wp-content\/uploads\/2026\/01\/BBB-16-Daniel.jpg\" alt=\"\" class=\"wp-image-7395360\"  \/><\/p>\n<p>Daniel (Foto: Ellen Soares, Globo)<\/p>\n<p><img loading=\"lazy\" decoding=\"async\" width=\"1200\" height=\"675\" data-id=\"7395361\" src=\"https:\/\/www.europesays.com\/pt\/wp-content\/uploads\/2026\/01\/BBB-16-Geralda.jpg\" alt=\"\" class=\"wp-image-7395361\"  \/><\/p>\n<p>Geralda (Foto: Ellen Soares, Globo)<\/p>\n<p><img loading=\"lazy\" decoding=\"async\" width=\"1200\" height=\"675\" data-id=\"7395362\" src=\"https:\/\/www.europesays.com\/pt\/wp-content\/uploads\/2026\/01\/BBB-16-Harumi.jpg\" alt=\"\" class=\"wp-image-7395362\"  \/><\/p>\n<p>Harumi (Foto: Ellen Soares, Globo)<\/p>\n<p><img loading=\"lazy\" decoding=\"async\" width=\"1200\" height=\"675\" data-id=\"7395363\" src=\"https:\/\/www.europesays.com\/pt\/wp-content\/uploads\/2026\/01\/BBB-16-Juliana.jpg\" alt=\"\" class=\"wp-image-7395363\"  \/><\/p>\n<p>Juliana (Foto: Ellen Soares, Globo)<\/p>\n<p><img loading=\"lazy\" decoding=\"async\" width=\"1200\" height=\"675\" data-id=\"7395364\" src=\"https:\/\/www.europesays.com\/pt\/wp-content\/uploads\/2026\/01\/BBB-16-Laercio.jpg\" alt=\"\" class=\"wp-image-7395364\"  \/><\/p>\n<p>La\u00e9rcio (Foto: Ellen Soares, Globo)<\/p>\n<p><img loading=\"lazy\" decoding=\"async\" width=\"1200\" height=\"675\" data-id=\"7395368\" src=\"https:\/\/www.europesays.com\/pt\/wp-content\/uploads\/2026\/01\/BBB-16-Maria-Claudia.jpg\" alt=\"\" class=\"wp-image-7395368\"  \/><\/p>\n<p>Maria Claudia (Foto: Ellen Soares, Globo)<\/p>\n<p><img loading=\"lazy\" decoding=\"async\" width=\"1200\" height=\"675\" data-id=\"7395365\" src=\"https:\/\/www.europesays.com\/pt\/wp-content\/uploads\/2026\/01\/BBB-16-Matheus.jpg\" alt=\"\" class=\"wp-image-7395365\"  \/><\/p>\n<p>Matheus (Foto: Ellen Soares, Globo)<\/p>\n<p><img loading=\"lazy\" decoding=\"async\" width=\"1200\" height=\"675\" data-id=\"7395369\" src=\"https:\/\/www.europesays.com\/pt\/wp-content\/uploads\/2026\/01\/BBB-16-Munik.jpg\" alt=\"\" class=\"wp-image-7395369\"  \/><\/p>\n<p>Munik (Foto: Ellen Soares, Globo)<\/p>\n<p><img loading=\"lazy\" decoding=\"async\" width=\"1200\" height=\"675\" data-id=\"7395366\" src=\"https:\/\/www.europesays.com\/pt\/wp-content\/uploads\/2026\/01\/BBB-16-Renan.jpg\" alt=\"\" class=\"wp-image-7395366\"  \/><\/p>\n<p>Renan (Foto: Ellen Soares, Globo)<\/p>\n<p><img loading=\"lazy\" decoding=\"async\" width=\"1200\" height=\"675\" data-id=\"7395371\" src=\"https:\/\/www.europesays.com\/pt\/wp-content\/uploads\/2026\/01\/BBB-16-Ronan.jpg\" alt=\"\" class=\"wp-image-7395371\"  \/><\/p>\n<p>Ronan (Foto: Ellen Soares, Globo)<\/p>\n<p><img loading=\"lazy\" decoding=\"async\" width=\"1200\" height=\"675\" data-id=\"7395367\" src=\"https:\/\/www.europesays.com\/pt\/wp-content\/uploads\/2026\/01\/BBB-16-Tamiel.jpg\" alt=\"\" class=\"wp-image-7395367\"  \/><\/p>\n<p>Tamiel (Foto: Ellen Soares, Globo)<\/p>\n","protected":false},"excerpt":{"rendered":"Ana Paula foi expulsa ap\u00f3s uma confus\u00e3o que aconteceu durante uma festa do BBB 16 (Foto: Redes sociais,&hellip;\n","protected":false},"author":2,"featured_media":227191,"comment_status":"","ping_status":"","sticky":false,"template":"","format":"standard","meta":{"footnotes":""},"categories":[142],"tags":[2565,15986,2509,829,114,115,32,33,151],"class_list":{"0":"post-227190","1":"post","2":"type-post","3":"status-publish","4":"format-standard","5":"has-post-thumbnail","7":"category-tv","8":"tag-bbb","9":"tag-bbb-26","10":"tag-big-brother-brasil","11":"tag-conteudo-liberado","12":"tag-entertainment","13":"tag-entretenimento","14":"tag-portugal","15":"tag-pt","16":"tag-tv"},"share_on_mastodon":{"url":"https:\/\/pubeurope.com\/@pt\/115889752402154568","error":""},"_links":{"self":[{"href":"https:\/\/www.europesays.com\/pt\/wp-json\/wp\/v2\/posts\/227190","targetHints":{"allow":["GET"]}}],"collection":[{"href":"https:\/\/www.europesays.com\/pt\/wp-json\/wp\/v2\/posts"}],"about":[{"href":"https:\/\/www.europesays.com\/pt\/wp-json\/wp\/v2\/types\/post"}],"author":[{"embeddable":true,"href":"https:\/\/www.europesays.com\/pt\/wp-json\/wp\/v2\/users\/2"}],"replies":[{"embeddable":true,"href":"https:\/\/www.europesays.com\/pt\/wp-json\/wp\/v2\/comments?post=227190"}],"version-history":[{"count":0,"href":"https:\/\/www.europesays.com\/pt\/wp-json\/wp\/v2\/posts\/227190\/revisions"}],"wp:featuredmedia":[{"embeddable":true,"href":"https:\/\/www.europesays.com\/pt\/wp-json\/wp\/v2\/media\/227191"}],"wp:attachment":[{"href":"https:\/\/www.europesays.com\/pt\/wp-json\/wp\/v2\/media?parent=227190"}],"wp:term":[{"taxonomy":"category","embeddable":true,"href":"https:\/\/www.europesays.com\/pt\/wp-json\/wp\/v2\/categories?post=227190"},{"taxonomy":"post_tag","embeddable":true,"href":"https:\/\/www.europesays.com\/pt\/wp-json\/wp\/v2\/tags?post=227190"}],"curies":[{"name":"wp","href":"https:\/\/api.w.org\/{rel}","templated":true}]}}