{"id":227207,"date":"2026-01-13T20:57:11","date_gmt":"2026-01-13T20:57:11","guid":{"rendered":"https:\/\/www.europesays.com\/pt\/227207\/"},"modified":"2026-01-13T20:57:11","modified_gmt":"2026-01-13T20:57:11","slug":"conrado-de-os-trapalhoes-processa-globo-e-renato-aragao","status":"publish","type":"post","link":"https:\/\/www.europesays.com\/pt\/227207\/","title":{"rendered":"Conrado, de Os Trapalh\u00f5es, processa Globo e Renato Arag\u00e3o"},"content":{"rendered":"<p>                            <img width=\"944\" height=\"531\" src=\"https:\/\/www.europesays.com\/pt\/wp-content\/uploads\/2026\/01\/Conrado-944x531.jpg\" class=\"attachment-custom-large size-custom-large article-featured-image\" alt=\"\" fetchpriority=\"high\" decoding=\"async\"  \/><\/p>\n<p class=\"image-caption\">Programa Os Trapalh\u00f5es chegou ao fim oficialmente em 27 de agosto de 1995 (Foto: Redes sociais, Reprodu\u00e7\u00e3o)<\/p>\n<p>Sucesso dos anos 1980, o cantor Conrado est\u00e1 processando a Globo e a empresa <strong><a href=\"https:\/\/www.nsctotal.com.br\/noticias\/mansao-com-dividas-como-e-a-casa-de-renato-aragao-o-didi-dos-trapalhoes-a-venda-por-r-16-milhoes\" target=\"_blank\" rel=\"noreferrer noopener nofollow\">Renato Arag\u00e3o Produ\u00e7\u00f5es Art\u00edsticas<\/a><\/strong>, respons\u00e1vel por dar vida ao personagem Didi Moc\u00f3, do grupo de humor Os Trapalh\u00f5es. O motivo, conforme apurou a Folha de S. Paulo, s\u00e3o os reprises do programa na TV.<\/p>\n<p>Continua depois da publicidade<\/p>\n<p>De acordo com Conrado, que atuou por cinco anos no programa de humor, ele \u201cn\u00e3o recebeu nada\u201d pelas reexibi\u00e7\u00f5es na TV Globo.<\/p>\n<p>Procurado para falar sobre o assunto, Conrado n\u00e3o retornou at\u00e9 a \u00faltima atualiza\u00e7\u00e3o desta mat\u00e9ria, bem como os outros dois envolvidos, a Globo e a empresa Renato Arag\u00e3o Produ\u00e7\u00f5es.<\/p>\n<p>O programa Os Trapalh\u00f5es chegou ao fim oficialmente em 27 de agosto de 1995, na TV Globo, ap\u00f3s d\u00e9cadas de sucesso, com as \u00faltimas exibi\u00e7\u00f5es sendo compostas principalmente por reprises e momentos marcantes do quarteto (Didi, Ded\u00e9, Mussum e Zacarias).<\/p>\n<p>Com o fim do programa de humor, Renato Arag\u00e3o ganhou seu pr\u00f3prio programa na Globo em 1998, quando estreou A Turma do Didi. A trama de com\u00e9dia ficou no ar at\u00e9 2010 e contou com um elenco marcante, onde boa parte seguiu para Aventuras do Didi, exibido entre 2010 e 2013.<\/p>\n<p>Continua depois da publicidade<\/p>\n<p>Como est\u00e1 o elenco 28 anos depois?1<\/p>\n<p>VoltarAvan\u00e7ar<\/p>\n<p><img loading=\"lazy\" decoding=\"async\" width=\"1200\" height=\"675\" data-id=\"7703809\" src=\"https:\/\/www.europesays.com\/pt\/wp-content\/uploads\/2026\/01\/A-Turma-do-Didi-como-esta-o-elenco-27-anos-depois.jpg\" alt=\"\" class=\"wp-image-7703809\"  \/><\/p>\n<p>Renato Arag\u00e3o (Foto: Acervo Globo e Redes sociais, Reprodu\u00e7\u00e3o)<\/p>\n<p><img loading=\"lazy\" decoding=\"async\" width=\"1200\" height=\"675\" data-id=\"7703807\" src=\"https:\/\/www.europesays.com\/pt\/wp-content\/uploads\/2026\/01\/A-Turma-do-Didi-como-esta-o-elenco-27-anos-depois-1.jpg\" alt=\"\" class=\"wp-image-7703807\"  \/><\/p>\n<p>Debby Lagranha (Foto: Globo e Redes sociais, Reprodu\u00e7\u00e3o)<\/p>\n<p><img loading=\"lazy\" decoding=\"async\" width=\"1200\" height=\"675\" data-id=\"7703808\" src=\"https:\/\/www.europesays.com\/pt\/wp-content\/uploads\/2026\/01\/A-Turma-do-Didi-como-esta-o-elenco-27-anos-depois-3.jpg\" alt=\"\" class=\"wp-image-7703808\"  \/><\/p>\n<p>Eliezer Motta (Foto: Acervo Globo e Redes sociais, Reprodu\u00e7\u00e3o)<\/p>\n<p><img loading=\"lazy\" decoding=\"async\" width=\"1200\" height=\"675\" data-id=\"7703810\" src=\"https:\/\/www.europesays.com\/pt\/wp-content\/uploads\/2026\/01\/A-Turma-do-Didi-como-esta-o-elenco-27-anos-depois-2.jpg\" alt=\"\" class=\"wp-image-7703810\"  \/><\/p>\n<p>Vanessa Bueno (Foto: Acervo Globo e Redes sociais, Reprodu\u00e7\u00e3o)<\/p>\n<p><img loading=\"lazy\" decoding=\"async\" width=\"1200\" height=\"675\" data-id=\"7703811\" src=\"https:\/\/www.europesays.com\/pt\/wp-content\/uploads\/2026\/01\/A-Turma-do-Didi-como-esta-o-elenco-27-anos-depois-7.jpg\" alt=\"\" class=\"wp-image-7703811\"  \/><\/p>\n<p>Jacar\u00e9 (Foto: Globo e Redes sociais, Reprodu\u00e7\u00e3o)<\/p>\n<p><img loading=\"lazy\" decoding=\"async\" width=\"1200\" height=\"675\" data-id=\"7703804\" src=\"https:\/\/www.europesays.com\/pt\/wp-content\/uploads\/2026\/01\/A-Turma-do-Didi-como-esta-o-elenco-27-anos-depois-5.jpg\" alt=\"\" class=\"wp-image-7703804\"  \/><\/p>\n<p>Tadeu Mello (Foto: Globo e Redes sociais, Reprodu\u00e7\u00e3o)<\/p>\n<p><img loading=\"lazy\" decoding=\"async\" width=\"1200\" height=\"675\" data-id=\"7703805\" src=\"https:\/\/www.europesays.com\/pt\/wp-content\/uploads\/2026\/01\/A-Turma-do-Didi-como-esta-o-elenco-27-anos-depois-4.jpg\" alt=\"\" class=\"wp-image-7703805\"  \/><\/p>\n<p>Andr\u00e9 Segatti (Foto: Globo e Redes sociais, Reprodu\u00e7\u00e3o)<\/p>\n<p><img loading=\"lazy\" decoding=\"async\" width=\"1200\" height=\"675\" data-id=\"7703806\" src=\"https:\/\/www.europesays.com\/pt\/wp-content\/uploads\/2026\/01\/A-Turma-do-Didi-como-esta-o-elenco-27-anos-depois-6.jpg\" alt=\"\" class=\"wp-image-7703806\"  \/><\/p>\n<p>Marcelo Augusto (Foto: Globo e Redes sociais, Reprodu\u00e7\u00e3o)<\/p>\n","protected":false},"excerpt":{"rendered":"Programa Os Trapalh\u00f5es chegou ao fim oficialmente em 27 de agosto de 1995 (Foto: Redes sociais, Reprodu\u00e7\u00e3o) Sucesso&hellip;\n","protected":false},"author":2,"featured_media":227208,"comment_status":"","ping_status":"","sticky":false,"template":"","format":"standard","meta":{"footnotes":""},"categories":[145],"tags":[211,210,829,114,115,32,33],"class_list":{"0":"post-227207","1":"post","2":"type-post","3":"status-publish","4":"format-standard","5":"has-post-thumbnail","7":"category-celebridades","8":"tag-celebridades","9":"tag-celebrities","10":"tag-conteudo-liberado","11":"tag-entertainment","12":"tag-entretenimento","13":"tag-portugal","14":"tag-pt"},"share_on_mastodon":{"url":"https:\/\/pubeurope.com\/@pt\/115889795527397055","error":""},"_links":{"self":[{"href":"https:\/\/www.europesays.com\/pt\/wp-json\/wp\/v2\/posts\/227207","targetHints":{"allow":["GET"]}}],"collection":[{"href":"https:\/\/www.europesays.com\/pt\/wp-json\/wp\/v2\/posts"}],"about":[{"href":"https:\/\/www.europesays.com\/pt\/wp-json\/wp\/v2\/types\/post"}],"author":[{"embeddable":true,"href":"https:\/\/www.europesays.com\/pt\/wp-json\/wp\/v2\/users\/2"}],"replies":[{"embeddable":true,"href":"https:\/\/www.europesays.com\/pt\/wp-json\/wp\/v2\/comments?post=227207"}],"version-history":[{"count":0,"href":"https:\/\/www.europesays.com\/pt\/wp-json\/wp\/v2\/posts\/227207\/revisions"}],"wp:featuredmedia":[{"embeddable":true,"href":"https:\/\/www.europesays.com\/pt\/wp-json\/wp\/v2\/media\/227208"}],"wp:attachment":[{"href":"https:\/\/www.europesays.com\/pt\/wp-json\/wp\/v2\/media?parent=227207"}],"wp:term":[{"taxonomy":"category","embeddable":true,"href":"https:\/\/www.europesays.com\/pt\/wp-json\/wp\/v2\/categories?post=227207"},{"taxonomy":"post_tag","embeddable":true,"href":"https:\/\/www.europesays.com\/pt\/wp-json\/wp\/v2\/tags?post=227207"}],"curies":[{"name":"wp","href":"https:\/\/api.w.org\/{rel}","templated":true}]}}