{"id":227229,"date":"2026-01-13T21:11:13","date_gmt":"2026-01-13T21:11:13","guid":{"rendered":"https:\/\/www.europesays.com\/pt\/227229\/"},"modified":"2026-01-13T21:11:13","modified_gmt":"2026-01-13T21:11:13","slug":"cartazes-misteriosos-surgem-em-varias-partes-do-mundo-e-tudo-aponta-para-um-responsavel-harry-styles","status":"publish","type":"post","link":"https:\/\/www.europesays.com\/pt\/227229\/","title":{"rendered":"Cartazes misteriosos surgem em v\u00e1rias partes do mundo e tudo aponta para um respons\u00e1vel: Harry Styles"},"content":{"rendered":"<p class=\"category\"><a href=\"https:\/\/sicnoticias.pt\/cultura\" rel=\"nofollow noopener\" target=\"_blank\">Cultura<\/a><\/p>\n<p>Foi lan\u00e7ada, nos \u00faltimos dias, uma campanha misteriosa com cartazes digitais em v\u00e1rias cidades do mundo, desde Nova Iorque a Berlim, com a mensagem &#8220;We belong together&#8221;. As pistas apontam para um culpado: o m\u00fasico brit\u00e2nico Harry Styles, que tem consolidado como uma das grandes figuras do universo pop.<\/p>\n<p><img decoding=\"async\" src=\"https:\/\/www.europesays.com\/pt\/wp-content\/uploads\/2026\/01\/1768338673_841_original.webp\" alt=\"Cartazes misteriosos surgem em v\u00e1rias partes do mundo e tudo aponta para um respons\u00e1vel: Harry Styles \"\/><\/p>\n<p>JMEnternational<\/p>\n<p><strong>Quem passou por algumas das grandes cidades do mundo nos \u00faltimos dias pode ter visto a mesma imagem, num outdoor digital. Um est\u00e1dio cheio, milhares de pessoas de bra\u00e7os no ar e uma frase: &#8220;We belong together&#8221;. Nova Iorque, Manchester, Palermo, S\u00e3o Paulo ou Berlim. A geografia muda, mas a mensagem n\u00e3o. O nome por detr\u00e1s desta campanha n\u00e3o deixa margem para grandes d\u00favidas. Vamos perceber <\/strong><strong>porqu\u00ea.<\/strong><\/p>\n<p>Os f\u00e3s de Harry Styles mais atentos conseguiram identificar as imagens. Trata-se de uma fotografia tirada no \u00faltimo concerto da digress\u00e3o &#8220;Love On Tour&#8221;, em 2023. Ao mesmo tempo, foi lan\u00e7ado um <a href=\"https:\/\/www.webelongtogether.co\/\" target=\"_blank\" rel=\"noopener noreferrer nofollow\">site com a mesma imagem<\/a>, sem qualquer informa\u00e7\u00e3o, mas com uma hiperliga\u00e7\u00e3o que conduz, por sua vez, os utilizadores a um grupo de WhatsApp chamado HSHQ (Harry Styles Headquarters).<\/p>\n<p>Esta estrat\u00e9gia n\u00e3o \u00e9 nova para quem acompanha o m\u00fasico brit\u00e2nico. Antes de lan\u00e7ar o \u00e1lbum &#8220;Fine Line&#8221;, em 2019, Harry Styles espalhou cartazes com a pergunta &#8220;Do you know who you are?&#8221; (Sabes quem \u00e9s?) e, em 2022, um site com imagens desconexas chamado &#8220;You Are Home&#8221; antecedeu o lan\u00e7amento de &#8220;Harry&#8217;s House&#8221;. S\u00f3 depois de lan\u00e7ado o \u00e1lbum \u00e9 que as imagens ganharam significado.<\/p>\n<p>Ao longo dos anos, os f\u00e3s aprenderam a ler os sinais do int\u00e9rprete de &#8220;As It Was&#8221; e, por isso, ao que tudo indica, um novo \u00e1lbum estar\u00e1 prestes a sair, depois de um interregno de quatro anos &#8211; o maior da sua carreira &#8211; sem apresentar m\u00fasicas novas.<\/p>\n<p>H\u00e1 ainda outros detalhes que t\u00eam alimentado a especula\u00e7\u00e3o. Alguns dos cartazes enigm\u00e1ticos incluem frases que variam consoante a cidade. Por exemplo, em Berlim, surge a mensagem &#8220;Let the light in&#8221; (Deixa a luz entrar), em Palermo pode ler-se &#8220;It&#8217;s all there waiting&#8221; (Est\u00e1 tudo \u00e0 espera), em Manchester &#8220;Here we go again&#8221; (Aqui vamos n\u00f3s outra vez) e, em Nova Iorque, &#8220;See you very soon&#8221; (Vemo-nos em breve).<\/p>\n<p>O momento em que os cartazes aparecem nas ruas tamb\u00e9m parece n\u00e3o ser inocente. H\u00e1 duas semanas, o ex-membro dos One Direction carregou um v\u00eddeo com o t\u00edtulo &#8220;Forever, Forever&#8221; (Sempre, Sempre). O v\u00eddeo viaja pelos bastidores do \u00faltimo concerto da &#8220;Love On Tour&#8221;, em It\u00e1lia, mostrando a intera\u00e7\u00e3o entre os f\u00e3s, que ensaiam coreografias e se despedem em l\u00e1grimas. No final, aparece a frase &#8220;We belong together&#8221;, a mesma que agora emerge nos cartazes.<\/p>\n<p>Embora afastado dos holofotes, Harry Styles foi fazendo breves apari\u00e7\u00f5es, noticiadas um pouco por todo o mundo, desde as maratonas que correu, <a href=\"https:\/\/sicnoticias.pt\/cultura\/2025-09-22-harry-styles-volta-a-correr-uma-maratona-e-supera-marca-atingida-em-toquio-cef3bb53\" target=\"_blank\" rel=\"noopener noreferrer nofollow\">em T\u00f3quio<\/a> e <a href=\"https:\/\/sicnoticias.pt\/webstories\/de-oculos-escuros-e-uma-faixa-na-cabeca-harry-styles-participa-em-nova-maratona-e-atinge-mais-um-marco\" target=\"_blank\" rel=\"noopener noreferrer nofollow\">Berlim<\/a>, at\u00e9 aos pa\u00edses que visitou, como Portugal. Foi ainda apanhado numa <a href=\"https:\/\/sicnoticias.pt\/cultura\/2025-05-09-dos-palcos-para-o-vaticano-harry-styles-surpreende-ao-marcar-presenca-na-eleicao-do-papa-leao-xiv-a36e6101\" target=\"_blank\" rel=\"noopener noreferrer nofollow\">visita \u00e0 Pra\u00e7a de S\u00e3o Pedro, no Vaticano<\/a>, no dia em que o Papa Le\u00e3o XIV foi eleito sucessor de Francisco.<\/p>\n<p>O p\u00e9riplo pelo mundo n\u00e3o o afastou do trabalho. O brit\u00e2nico foi visto, em 2024, em v\u00e1rios est\u00fadios europeus, como foi o caso do RAK Studios, em Londres, e dos hist\u00f3ricos <a href=\"https:\/\/hansastudios.de\/en\/home\/\" target=\"_blank\" rel=\"noopener noreferrer nofollow\">Hansa Studios<\/a>, em Berlim, conhecidos pelas grava\u00e7\u00f5es com David Bowie e Iggy Pop.<\/p>\n<p>As informa\u00e7\u00f5es n\u00e3o foram confirmadas por Harry Styles e n\u00e3o h\u00e1 datas, nem declara\u00e7\u00f5es do artistas que possam dar o lan\u00e7amento do quarto \u00e1lbum como garantido. <\/p>\n<p>Quatro anos depois do lan\u00e7amento de &#8220;Harry&#8217;s House&#8221;, que lhe valeu pr\u00e9mios nos <a href=\"https:\/\/sicnoticias.pt\/cultura\/2023-02-12-Brit-Awards-cantor-e-compositor-Harry-Styles-conquista-quatro-premios-f63e0a10\" target=\"_blank\" rel=\"noopener noreferrer nofollow\">BritAwards <\/a>e nos Grammys, incluindo o de \u00c1lbum do Ano, qualquer movimento \u00e9 suficiente para animar os f\u00e3s. Se o que a\u00ed vem \u00e9 um novo \u00e1lbum, um single ou outro projeto, ningu\u00e9m sabe.<\/p>\n","protected":false},"excerpt":{"rendered":"Cultura Foi lan\u00e7ada, nos \u00faltimos dias, uma campanha misteriosa com cartazes digitais em v\u00e1rias cidades do mundo, desde&hellip;\n","protected":false},"author":2,"featured_media":227230,"comment_status":"","ping_status":"","sticky":false,"template":"","format":"standard","meta":{"footnotes":""},"categories":[145],"tags":[211,210,114,115,32,33],"class_list":{"0":"post-227229","1":"post","2":"type-post","3":"status-publish","4":"format-standard","5":"has-post-thumbnail","7":"category-celebridades","8":"tag-celebridades","9":"tag-celebrities","10":"tag-entertainment","11":"tag-entretenimento","12":"tag-portugal","13":"tag-pt"},"share_on_mastodon":{"url":"https:\/\/pubeurope.com\/@pt\/115889850451507010","error":""},"_links":{"self":[{"href":"https:\/\/www.europesays.com\/pt\/wp-json\/wp\/v2\/posts\/227229","targetHints":{"allow":["GET"]}}],"collection":[{"href":"https:\/\/www.europesays.com\/pt\/wp-json\/wp\/v2\/posts"}],"about":[{"href":"https:\/\/www.europesays.com\/pt\/wp-json\/wp\/v2\/types\/post"}],"author":[{"embeddable":true,"href":"https:\/\/www.europesays.com\/pt\/wp-json\/wp\/v2\/users\/2"}],"replies":[{"embeddable":true,"href":"https:\/\/www.europesays.com\/pt\/wp-json\/wp\/v2\/comments?post=227229"}],"version-history":[{"count":0,"href":"https:\/\/www.europesays.com\/pt\/wp-json\/wp\/v2\/posts\/227229\/revisions"}],"wp:featuredmedia":[{"embeddable":true,"href":"https:\/\/www.europesays.com\/pt\/wp-json\/wp\/v2\/media\/227230"}],"wp:attachment":[{"href":"https:\/\/www.europesays.com\/pt\/wp-json\/wp\/v2\/media?parent=227229"}],"wp:term":[{"taxonomy":"category","embeddable":true,"href":"https:\/\/www.europesays.com\/pt\/wp-json\/wp\/v2\/categories?post=227229"},{"taxonomy":"post_tag","embeddable":true,"href":"https:\/\/www.europesays.com\/pt\/wp-json\/wp\/v2\/tags?post=227229"}],"curies":[{"name":"wp","href":"https:\/\/api.w.org\/{rel}","templated":true}]}}