{"id":227270,"date":"2026-01-13T21:39:09","date_gmt":"2026-01-13T21:39:09","guid":{"rendered":"https:\/\/www.europesays.com\/pt\/227270\/"},"modified":"2026-01-13T21:39:09","modified_gmt":"2026-01-13T21:39:09","slug":"sam-raimi-cobre-rachel-mcadams-e-dylan-obrien-de-vomito-sangue-e-agua-em-novo-filme-de-terror","status":"publish","type":"post","link":"https:\/\/www.europesays.com\/pt\/227270\/","title":{"rendered":"Sam Raimi cobre Rachel McAdams e Dylan O\u2019Brien de v\u00f4mito, sangue e \u00e1gua em novo filme de terror"},"content":{"rendered":"<p>O mestre do terror <strong><a href=\"https:\/\/cinepop.com.br\/tag\/sam-raimi\/\" title=\"Sam Raimi\" rel=\"nofollow noopener\" target=\"_blank\">Sam Raimi<\/a><\/strong> est\u00e1 de volta com seu novo filme,<strong> \u2018<a href=\"https:\/\/cinepop.com.br\/tag\/socorro\/\" title=\"Socorro\" rel=\"nofollow noopener\" target=\"_blank\">Socorro<\/a>!\u2019<\/strong>, e provou que n\u00e3o perdeu o jeito para o caos. Mantendo sua ic\u00f4nica tradi\u00e7\u00e3o de efeitos pr\u00e1ticos e intensidade f\u00edsica, o cineasta transformou o set em um campo de testes para fluidos cenogr\u00e1ficos, fazendo o elenco passar por situa\u00e7\u00f5es extremas, e divertidas.<\/p>\n<p>Estrelado por<strong> <a href=\"https:\/\/cinepop.com.br\/tag\/rachel-mcadams\/\" title=\"Rachel McAdams\" rel=\"nofollow noopener\" target=\"_blank\">Rachel McAdams<\/a> (\u2018Voo Noturno\u2019)<\/strong> e <strong>Dylan O\u2019Brien (\u2018Amor e Monstros\u2019)<\/strong>, o filme resgata a energia de cl\u00e1ssicos como<strong> \u2018A Morte do Dem\u00f4nio\u2019<\/strong>. Conforme \u00e0 <a href=\"https:\/\/www.empireonline.com\/movies\/news\/send-help-sam-raimi-deluged-dylan-obrien-rachel-mcadams-with-vomit-blood-water-exclusive\/\" rel=\"nofollow noopener\" target=\"_blank\">Empire<\/a>, o diretor relembrou as filmagens com nostalgia:<\/p>\n<p>\u201cJoguei v\u00f4mito no rosto do Dylan, sangue no rosto da Rachel, \u00e1gua\u2026 cheguei a cutuc\u00e1-la com gravetos. Ok, admito, posso ter cutucado ela com um graveto pelo menos uma vez\u201d, confessou <strong>Raimi<\/strong>.<\/p>\n<p>Para os atores, receber jatos de meleca disparados pelo pr\u00f3prio diretor tornou-se uma esp\u00e9cie de medalha de honra. <strong>Dylan O\u2019Brien<\/strong> recorda que o \u201cv\u00f4mito\u201d cenogr\u00e1fico tinha um gosto peculiar: \u201cPareciam frutas vermelhas, mas acho que era manga\u201d.<\/p>\n<p><strong><a href=\"https:\/\/cinepop.com.br\/tag\/rachel-mcadams\/\" title=\"Rachel McAdams\" rel=\"nofollow noopener\" target=\"_blank\">Rachel McAdams<\/a><\/strong> confirmou que <strong>Raimi<\/strong> faz quest\u00e3o de estar no controle de cada balde de sujeira. \u201cEle n\u00e3o permite que mais ningu\u00e9m seja o arremessador de gosma\u201d, revelou a atriz. Segundo ela, o diretor ensaia a pontaria com seriedade absoluta.<\/p>\n<p>Quando questionada sobre a quantidade de sangue usada em suas cenas, McAdams foi direta:<\/p>\n<p>\u201cMuito, muito, muito! Ele gritava: \u2018Mais! Isso n\u00e3o \u00e9 suficiente!\u2019. E n\u00f3s respond\u00edamos: \u2018Agora voc\u00ea est\u00e1 sendo ganancioso\u2019. Qualquer pessoa sensata saberia que j\u00e1 tinha sangue demais no meu rosto\u201d, destacou.<\/p>\n<p>Confira e siga o <a href=\"https:\/\/www.youtube.com\/cinepop?sub_confirmation=1\" target=\"_blank\" rel=\"noopener nofollow\"><strong>CinePOP no Youtube<\/strong><\/a>:<\/p>\n<p>O longa ser\u00e1 lan\u00e7ado nos cinemas nacionais no <strong>dia 29 de Janeiro de 2026, uma semana antes do previsto<\/strong>.<\/p>\n<p>Em \u2018<strong><a href=\"https:\/\/cinepop.com.br\/tag\/socorro\/\" title=\"Socorro\" rel=\"nofollow noopener\" target=\"_blank\">Socorro<\/a>!<\/strong>\u2018, dois \u201ccolegas\u201d de trabalho ficam presos em uma ilha deserta (O\u2019Brien e McAdams), sendo os \u00fanicos sobreviventes de um acidente de avi\u00e3o. Na ilha, eles devem superar seus problemas do for\u00e7a e intelig\u00eancia para sa\u00edrem vivos.<\/p>\n<p><strong><a href=\"https:\/\/cinepop.com.br\/tag\/damian-shannon\/\" title=\"Damian Shannon\" rel=\"nofollow noopener\" target=\"_blank\">Damian Shannon<\/a> &amp; <a href=\"https:\/\/cinepop.com.br\/tag\/mark-swift\/\" title=\"Mark Swift\" rel=\"nofollow noopener\" target=\"_blank\">Mark Swift<\/a><\/strong>, de \u2018<strong>Freddy Vs. Jason<\/strong>\u2018 e o remake de \u2018<strong>Sexta-Feira 13<\/strong>\u2018, assinam o roteiro.<\/p>\n<p>Al\u00e9m de dirigir, <strong>Raimi<\/strong>\u00a0tamb\u00e9m servir\u00e1 como produtor atrav\u00e9s da <strong><a href=\"https:\/\/cinepop.com.br\/tag\/raimi-productions\/\" title=\"Raimi Productions\" rel=\"nofollow noopener\" target=\"_blank\">Raimi Productions<\/a><\/strong>.<\/p>\n<p><img decoding=\"async\" class=\"aioseo-author-bio-compact-image\" src=\"https:\/\/www.europesays.com\/pt\/wp-content\/uploads\/2025\/12\/1752016065611.jpg\" alt=\"author avatar\"\/><br \/>\nJornalista e redator apaixonado por cinema, s\u00e9ries e animes, sempre em busca de boas hist\u00f3rias para contar e compartilhar.<\/p>\n","protected":false},"excerpt":{"rendered":"O mestre do terror Sam Raimi est\u00e1 de volta com seu novo filme, \u2018Socorro!\u2019, e provou que n\u00e3o&hellip;\n","protected":false},"author":2,"featured_media":227271,"comment_status":"","ping_status":"","sticky":false,"template":"","format":"standard","meta":{"footnotes":""},"categories":[145],"tags":[211,210,114,115,32,33],"class_list":{"0":"post-227270","1":"post","2":"type-post","3":"status-publish","4":"format-standard","5":"has-post-thumbnail","7":"category-celebridades","8":"tag-celebridades","9":"tag-celebrities","10":"tag-entertainment","11":"tag-entretenimento","12":"tag-portugal","13":"tag-pt"},"share_on_mastodon":{"url":"https:\/\/pubeurope.com\/@pt\/115889960559298839","error":""},"_links":{"self":[{"href":"https:\/\/www.europesays.com\/pt\/wp-json\/wp\/v2\/posts\/227270","targetHints":{"allow":["GET"]}}],"collection":[{"href":"https:\/\/www.europesays.com\/pt\/wp-json\/wp\/v2\/posts"}],"about":[{"href":"https:\/\/www.europesays.com\/pt\/wp-json\/wp\/v2\/types\/post"}],"author":[{"embeddable":true,"href":"https:\/\/www.europesays.com\/pt\/wp-json\/wp\/v2\/users\/2"}],"replies":[{"embeddable":true,"href":"https:\/\/www.europesays.com\/pt\/wp-json\/wp\/v2\/comments?post=227270"}],"version-history":[{"count":0,"href":"https:\/\/www.europesays.com\/pt\/wp-json\/wp\/v2\/posts\/227270\/revisions"}],"wp:featuredmedia":[{"embeddable":true,"href":"https:\/\/www.europesays.com\/pt\/wp-json\/wp\/v2\/media\/227271"}],"wp:attachment":[{"href":"https:\/\/www.europesays.com\/pt\/wp-json\/wp\/v2\/media?parent=227270"}],"wp:term":[{"taxonomy":"category","embeddable":true,"href":"https:\/\/www.europesays.com\/pt\/wp-json\/wp\/v2\/categories?post=227270"},{"taxonomy":"post_tag","embeddable":true,"href":"https:\/\/www.europesays.com\/pt\/wp-json\/wp\/v2\/tags?post=227270"}],"curies":[{"name":"wp","href":"https:\/\/api.w.org\/{rel}","templated":true}]}}