{"id":227274,"date":"2026-01-13T21:44:10","date_gmt":"2026-01-13T21:44:10","guid":{"rendered":"https:\/\/www.europesays.com\/pt\/227274\/"},"modified":"2026-01-13T21:44:10","modified_gmt":"2026-01-13T21:44:10","slug":"elijah-wood-evita-confirmar-retorno-de-frodo-em-novo-filme-de-o-senhor-dos-aneis-filmow","status":"publish","type":"post","link":"https:\/\/www.europesays.com\/pt\/227274\/","title":{"rendered":"Elijah Wood evita confirmar retorno de Frodo em novo filme de \u201cO Senhor dos An\u00e9is\u201d &#8211; Filmow"},"content":{"rendered":"<ol>\n<li><a href=\"https:\/\/news.google.com\/rss\/articles\/CBMitgFBVV95cUxPMlRYWFNUQWZDekRkcGl6TlB3VVBMV01lY3VOWkpXUVFJbENUR1V2R2lsOWlGdU1YdWl0Wk1lX3RVSTBEejg1MEMwMzhFdmhpNnp1MHhmNHJ4dmtOUFJGN291TFVlS0xqeGVSNWFtQWR4d19JTGcxTDNHU3RIdmFuR1oweUxkSjRyanNRS19iV1JvQWlwTUJFc1FlYldWajZ3SHlXaC1NUU5pWUV3RE80U29ldFllZw?oc=5\" target=\"_blank\" rel=\"nofollow noopener\">Elijah Wood evita confirmar retorno de Frodo em novo filme de \u201cO Senhor dos An\u00e9is\u201d<\/a>&nbsp;&nbsp;Filmow<\/li>\n<li><a href=\"https:\/\/news.google.com\/rss\/articles\/CBMi_AFBVV95cUxPLWhBQ3FzN0xrVEhxRS1GSDJFMFRFWTMxX1VHb0tkcEdRdF9sb2xkYkdUX2dkMjh0ZWdsZkljNDZIRXB0N254OTR2b3ZFUmYtLWVTTEJETExqei1sX3VQVFk0dlZsQTlyWjZ6cko0aDMzTU5IQ081ZlVkNmR4VHUtY2pDMjF4N3RmTDNod084WWR3Vi0wYWlJWTJIZ1F5d1p5RVl5RTlOT291ZEFLV245TjQ0cnl0Rm51OG83ZExjT2h1MWM1TGJOUFhFTVBuRWJaUjcxWUVxb2h3ZXJaQjBUeWtPVGtvYml1bkNPUlZubi1DR0ZITHhpT2RZTVA?oc=5\" target=\"_blank\" rel=\"nofollow noopener\">\u201cUm mago \u00e9 algu\u00e9m em quem se pode confiar\u201d: resposta enigm\u00e1tica de Elijah Wood sobre a participa\u00e7\u00e3o de Frodo em O Senhor dos An\u00e9is: The Hunt for Gollum provoca f\u00e3s<\/a>&nbsp;&nbsp;IGN Brasil<\/li>\n<li><a href=\"https:\/\/news.google.com\/rss\/articles\/CBMisAFBVV95cUxOQnJZY25fcmZXZldIb1o2cVhPZjdYWVZuN1NqcURRVlllc2o0MWFOX1ZtaHZHU1NtQUpvRnlHcHRpZWQ2ek9PeUc1cE81Z3hzUEg0ZzV1ckhkYmZXVXFOSFNvS3JNSDV5aVYzWVhvdXJvaEo5QXRmaEtXYkMzMTZIWkpSc3JCRno0NU1LaUZrNUVQSmFMQjRwdFN1eGFRTUt1Sm40M1B3RVlXN25PU05KaNIBtgFBVV95cUxNMzQ0WFpjeUVxZ0ZqNGFXZlVDS2ZSdkxoNE5HN3BRU3Naa2ZNUFl2S01FaE15dkpmQVlmbGNyZzRhUFpPRnhhekg3bWZwSGpyeEY4WGp6TTFpTHk3cmI1VW8xZXppRWx1ZnFMUV9kaE9lMGtXc3dGWldndnNNeVRIWDNlNzVlTGs2TkhuMjNoQ3hFdHRBTGl5cGxDRG9YOUU2MVhvdjlhUGlyUHVoQXluNFJfcHF0UQ?oc=5\" target=\"_blank\" rel=\"nofollow noopener\">Elijah Wood comenta poss\u00edvel reuni\u00e3o com Gandalf em O Senhor dos An\u00e9is: A Ca\u00e7a por Gollum<\/a>&nbsp;&nbsp;O V\u00edcio<\/li>\n<li><a href=\"https:\/\/news.google.com\/rss\/articles\/CBMijAFBVV95cUxNaEpUczh5bDhyUVN1X1pkcUZDRDdPZGlFdEFZTlZZQUFjWmtuaXlEYjJKUWN6cXhQVDFyeUtmY1ZGVWgyMFlNVWplbWNpMU5meDdmclJHMVRJZGZoN1BvWmVwbmgwenptdHJDUzVFTzBBZ3JTcFFWM0piZnc4bnVXQnhQZmhIVXdhUVFSc9IBkgFBVV95cUxNMThIMmowVTdWdmpSd01GSlluazM1bmZadXhNOGJ5bTg4LUxMa2ZHZXVkM2h3Z0tRb3U2anJqaDRlY3ZOUVJyX3N4MlZ0U0xCejYwTkREd0tfcHlrU2ZQUlNjYWhaUFcyS3lTSjRGQ3pqQlZUX0xuTThoSEFxRVZJYUJ5dDBkSl9fUTJBUjg4bm02UQ?oc=5\" target=\"_blank\" rel=\"nofollow noopener\">O Senhor dos An\u00e9is ter\u00e1 hist\u00f3ria psicol\u00f3gica com The Hunt for Gollum<\/a>&nbsp;&nbsp;Omelete<\/li>\n<\/ol>\n","protected":false},"excerpt":{"rendered":"Elijah Wood evita confirmar retorno de Frodo em novo filme de \u201cO Senhor dos An\u00e9is\u201d&nbsp;&nbsp;Filmow \u201cUm mago \u00e9&hellip;\n","protected":false},"author":2,"featured_media":227275,"comment_status":"","ping_status":"","sticky":false,"template":"","format":"standard","meta":{"footnotes":""},"categories":[140],"tags":[114,115,147,148,146,32,33],"class_list":{"0":"post-227274","1":"post","2":"type-post","3":"status-publish","4":"format-standard","5":"has-post-thumbnail","7":"category-filmes","8":"tag-entertainment","9":"tag-entretenimento","10":"tag-film","11":"tag-filmes","12":"tag-movies","13":"tag-portugal","14":"tag-pt"},"share_on_mastodon":{"url":"https:\/\/pubeurope.com\/@pt\/115889980576984781","error":""},"_links":{"self":[{"href":"https:\/\/www.europesays.com\/pt\/wp-json\/wp\/v2\/posts\/227274","targetHints":{"allow":["GET"]}}],"collection":[{"href":"https:\/\/www.europesays.com\/pt\/wp-json\/wp\/v2\/posts"}],"about":[{"href":"https:\/\/www.europesays.com\/pt\/wp-json\/wp\/v2\/types\/post"}],"author":[{"embeddable":true,"href":"https:\/\/www.europesays.com\/pt\/wp-json\/wp\/v2\/users\/2"}],"replies":[{"embeddable":true,"href":"https:\/\/www.europesays.com\/pt\/wp-json\/wp\/v2\/comments?post=227274"}],"version-history":[{"count":0,"href":"https:\/\/www.europesays.com\/pt\/wp-json\/wp\/v2\/posts\/227274\/revisions"}],"wp:featuredmedia":[{"embeddable":true,"href":"https:\/\/www.europesays.com\/pt\/wp-json\/wp\/v2\/media\/227275"}],"wp:attachment":[{"href":"https:\/\/www.europesays.com\/pt\/wp-json\/wp\/v2\/media?parent=227274"}],"wp:term":[{"taxonomy":"category","embeddable":true,"href":"https:\/\/www.europesays.com\/pt\/wp-json\/wp\/v2\/categories?post=227274"},{"taxonomy":"post_tag","embeddable":true,"href":"https:\/\/www.europesays.com\/pt\/wp-json\/wp\/v2\/tags?post=227274"}],"curies":[{"name":"wp","href":"https:\/\/api.w.org\/{rel}","templated":true}]}}