{"id":227292,"date":"2026-01-13T21:58:07","date_gmt":"2026-01-13T21:58:07","guid":{"rendered":"https:\/\/www.europesays.com\/pt\/227292\/"},"modified":"2026-01-13T21:58:07","modified_gmt":"2026-01-13T21:58:07","slug":"exterminio-o-templo-dos-ossos","status":"publish","type":"post","link":"https:\/\/www.europesays.com\/pt\/227292\/","title":{"rendered":"Exterm\u00ednio: O Templo dos Ossos"},"content":{"rendered":"<p><strong>Exterm\u00ednio: O Templo dos Ossos<\/strong> chega aos cinemas nesta quinta-feira (15) e traz de volta o universo criado por <strong>Danny Boyle<\/strong> com o longa original de 2002, cujo protagonista foi ningu\u00e9m menos do que <strong>Cillian Murphy<\/strong>. Antes mesmo do an\u00fancio oficial do longa, rumores diziam que o ator retornaria \u00e0 franquia neste filme, ap\u00f3s ficar de fora de A Evolu\u00e7\u00e3o. Mas ser\u00e1 que isso aconteceu mesmo?<\/p>\n<p><strong>[Aten\u00e7\u00e3o: spoilers da franquia Exterm\u00ednio abaixo &#8211; leia por sua conta e risco]<\/strong><\/p>\n<p>            Continua depois da Publicidade<\/p>\n<p>Vale lembrar que, no final de Exterm\u00ednio (2002), Jim (Murphy) consegue escapar de ser fuzilado por um grupo de militares que engavam as pessoas para capturar mulheres com o intuito de estupr\u00e1-las. Ele retorna ao cativeiro e liberta um infectado que era mantido preso, o que faz com que todos sejam mortos. Dessa forma, ele consegue salvar as companheiras Selena (<strong>Naomie Harris<\/strong>) e Hannah (<strong>Megan Burns<\/strong>).<\/p>\n<p>Alguns dias se passam e o trio surge morando em uma pequena casa no interior da Inglaterra, onde espera pelo resgate das autoridades. O longa termina com um avi\u00e3o de ca\u00e7a sobrevoando o local enquanto os tr\u00eas escrevem um sinal com os dizeres &#8220;Hello&#8221; (Ol\u00e1, em tradu\u00e7\u00e3o livre), com o intuito de serem resgatados. O final fica em aberto e nunca deixou claro de que eles seriam, de fato, levados dali.<\/p>\n<p>    Cillian Murphy retorna em O Templo dos Ossos?<\/p>\n<p>A resposta \u00e9 sim. No fim do longa, Spike (<strong>Alfie Williams<\/strong>) e Jimmy Ink (<strong>Erin Kellyman<\/strong>) deixam o Templo dos Ossos ap\u00f3s a morte de Kelson (<strong>Ralph Fiennes<\/strong>) e vagam pela regi\u00e3o em busca de um novo ref\u00fagio. A cena corta para o interior de uma casa simples nos campos de mostra Jim (Murphy) dando aula de hist\u00f3ria para uma jovem negra que o chama de pai, o que d\u00e1 a entender que ele e Selena tiveram uma filha.<\/p>\n<p>Ap\u00f3s um breve di\u00e1logo, a jovem v\u00ea duas pessoas correndo enquanto s\u00e3o perseguidas por um grupo de infectados. Jim decide que eles devem ajud\u00e1-los e, quando a c\u00e2mera se aproxima dos estranhos, vemos que trata-se de Spike e Jimmy Ink. Desta forma, o quarteto deve se unir e protagonizar o terceiro e \u00faltimo cap\u00edtulo da nova trilogia de Exterm\u00ednio.<\/p>\n<p>    <strong>Tudo sobre Exterm\u00ednio: O Templo dos Ossos<\/strong><\/p>\n<p>            Continua depois da Publicidade<\/p>\n<p>Dirigido por\u00a0<strong>Danny Boyle<\/strong>\u00a0e escrito por\u00a0<strong>Alex Garland<\/strong>, o primeiro\u00a0Exterm\u00ednio\u00a0(em ingl\u00eas,\u00a028 Days Later) se passa 28 dias depois do come\u00e7o de um ataque de zumbis r\u00e1pidos e letais que derrubou o Reino Unido (mas n\u00e3o o resto do mundo, que fechou as portas para os brit\u00e2nicos). Nele, acompanhamos Jim (<strong>Cillian Murphy<\/strong>) acordando ap\u00f3s um coma e tendo que lidar com a nova realidade.\u00a0<\/p>\n<p>Uma continua\u00e7\u00e3o,\u00a0Exterm\u00ednio 2\u00a0(28 Weeks Later\u00a0no original) mostra os acontecimentos 28 semanas depois do in\u00edcio da infec\u00e7\u00e3o, mas foi feito sem Boyle e Garland. O terceiro filme, intitulado\u00a0Exterm\u00ednio: A Evolu\u00e7\u00e3o, ou\u00a028 Years Later no original, vamos para o vig\u00e9simo-oitavo ano deste mundo p\u00f3s-apocal\u00edptico.<\/p>\n<p>Os protagonistas de\u00a0Exterm\u00ednio: A Evolu\u00e7\u00e3o\u00a0s\u00e3o Jamie (<strong>Aaron Taylor-Johnson<\/strong>, de\u00a0Kraven\u00a0e\u00a0Nosferatu) e Isla (<strong>Jodie Comer<\/strong>, de\u00a0Killing Eve), que juntos tem um filho de 12 anos chamado Spike (<strong>Alfie Williams<\/strong>, de\u00a0His Dark Materials). Eles vivem na ilha de Lindisfarne, que no filme passa a ser conhecida como Ilha Santa por oferecer um ref\u00fagio aos sobreviventes, com leis e seguran\u00e7a instalados para proteger o local. Ent\u00e3o, chega o momento de Spike ir com o pai para fora daqueles muros como parte de um ritual de amadurecimento atrav\u00e9s do qual o garoto precisa conhecer a realidade do mundo ao seu redor. Completando o elenco do filme est\u00e1\u00a0<strong>Ralph Fiennes<\/strong>\u00a0(franquia\u00a0Harry Potter), que interpreta um m\u00e9dico que sobreviveu ao apocalipse e desenvolveu ideias perturbadoras.<\/p>\n<p>Exterm\u00ednio: A Evolu\u00e7\u00e3o\u00a0foi o come\u00e7o de uma nova trilogia de filmes da franquia. Garland escreve os tr\u00eas filmes, e Boyle vai dirigir o primeiro e o \u00faltimo.\u00a0<strong>Nia DaCosta<\/strong>\u00a0(Candyman) vai comandar o segundo filme,\u00a0Exterm\u00ednio: O Templo dos Ossos, que chega em\u00a0<strong>15 de janeiro de 2026\u00a0<\/strong>aos cinemas. No longa, Dr. Kelson (Ralph Fiennes) se encontra em uma nova e chocante rela\u00e7\u00e3o \u2013 com consequ\u00eancias que poderiam mudar o mundo como eles o conhecem \u2013 e o encontro de Spike (Alfie Williams) e Jimmy Crystal (Jack O&#8217;Connell) se torna um pesadelo do qual ele n\u00e3o consegue escapar. No universo de O Templo dos Ossos, os infectados n\u00e3o s\u00e3o mais a maior amea\u00e7a para a sobreviv\u00eancia \u2013 a desumanidade dos sobreviventes se torna mais aterrorizante.\u00a0<\/p>\n<p data-gtm-vis-first-on-screen67967661_30=\"29536\" data-gtm-vis-has-fired67967661_30=\"1\" data-gtm-vis-total-visible-time67967661_30=\"100\">Cillian Murphy, protagonista do\u00a0Exterm\u00ednio\u00a0original, vai retornar numa pequena participa\u00e7\u00e3o em\u00a0O Templo dos Ossos\u00a0e ter\u00e1 um papel maior no cap\u00edtulo final da nova trilogia de\u00a0Exterm\u00ednio, que ainda n\u00e3o tem t\u00edtulo nem data de estreia definidos.<\/p>\n<p>            Continua depois da Publicidade<\/p>\n","protected":false},"excerpt":{"rendered":"Exterm\u00ednio: O Templo dos Ossos chega aos cinemas nesta quinta-feira (15) e traz de volta o universo criado&hellip;\n","protected":false},"author":2,"featured_media":227293,"comment_status":"","ping_status":"","sticky":false,"template":"","format":"standard","meta":{"footnotes":""},"categories":[140],"tags":[114,115,147,148,146,32,33],"class_list":{"0":"post-227292","1":"post","2":"type-post","3":"status-publish","4":"format-standard","5":"has-post-thumbnail","7":"category-filmes","8":"tag-entertainment","9":"tag-entretenimento","10":"tag-film","11":"tag-filmes","12":"tag-movies","13":"tag-portugal","14":"tag-pt"},"share_on_mastodon":{"url":"https:\/\/pubeurope.com\/@pt\/115890035367980721","error":""},"_links":{"self":[{"href":"https:\/\/www.europesays.com\/pt\/wp-json\/wp\/v2\/posts\/227292","targetHints":{"allow":["GET"]}}],"collection":[{"href":"https:\/\/www.europesays.com\/pt\/wp-json\/wp\/v2\/posts"}],"about":[{"href":"https:\/\/www.europesays.com\/pt\/wp-json\/wp\/v2\/types\/post"}],"author":[{"embeddable":true,"href":"https:\/\/www.europesays.com\/pt\/wp-json\/wp\/v2\/users\/2"}],"replies":[{"embeddable":true,"href":"https:\/\/www.europesays.com\/pt\/wp-json\/wp\/v2\/comments?post=227292"}],"version-history":[{"count":0,"href":"https:\/\/www.europesays.com\/pt\/wp-json\/wp\/v2\/posts\/227292\/revisions"}],"wp:featuredmedia":[{"embeddable":true,"href":"https:\/\/www.europesays.com\/pt\/wp-json\/wp\/v2\/media\/227293"}],"wp:attachment":[{"href":"https:\/\/www.europesays.com\/pt\/wp-json\/wp\/v2\/media?parent=227292"}],"wp:term":[{"taxonomy":"category","embeddable":true,"href":"https:\/\/www.europesays.com\/pt\/wp-json\/wp\/v2\/categories?post=227292"},{"taxonomy":"post_tag","embeddable":true,"href":"https:\/\/www.europesays.com\/pt\/wp-json\/wp\/v2\/tags?post=227292"}],"curies":[{"name":"wp","href":"https:\/\/api.w.org\/{rel}","templated":true}]}}