{"id":227308,"date":"2026-01-13T22:10:12","date_gmt":"2026-01-13T22:10:12","guid":{"rendered":"https:\/\/www.europesays.com\/pt\/227308\/"},"modified":"2026-01-13T22:10:12","modified_gmt":"2026-01-13T22:10:12","slug":"substituta-de-tres-gracas-confirma-4-atores-de-eta-mundo-melhor-em-seu-elenco-terra","status":"publish","type":"post","link":"https:\/\/www.europesays.com\/pt\/227308\/","title":{"rendered":"Substituta de &#039;Tr\u00eas Gra\u00e7as&#039; confirma 4 atores de &#039;\u00cata Mundo Melhor&#039; em seu elenco &#8211; Terra"},"content":{"rendered":"<ol>\n<li><a href=\"https:\/\/news.google.com\/rss\/articles\/CBMi_AFBVV95cUxOZEt5aUdzYVJKQUVKbVN4emNXSjR5THVlaFdRRWN1dkVZRmdQY0Rjc2FILWpwVGI5UmNyTWZMWXJjeGNYa3Vyb2hJcUFKcjNqRTRoY0VXX0JXc3luVTRMUUpidXF6VEZ3eWpNemp5VXl5Xy12U1ZibjdhM0d6aThtZllOT014a0thXzZ1MDVWS1d2a09Na3Z0bGd3NEoxODJYR0VTNy14SzM2cnhGSWN1b2lzd1c3X1dyM2daTTNraFdsREI3ZXRIVUYxSU4wNHRPWEp1cWZtR0VJelFpMENzNTZVa216c2ZKRkxYMzRNNzhpUnBzRndXeVBxdFk?oc=5\" target=\"_blank\" rel=\"nofollow noopener\">Substituta de &#8216;Tr\u00eas Gra\u00e7as&#8217; confirma 4 atores de &#8216;\u00cata Mundo Melhor&#8217; em seu elenco<\/a>&nbsp;&nbsp;Terra<\/li>\n<li><a href=\"https:\/\/news.google.com\/rss\/articles\/CBMiygFBVV95cUxNRXNOWk8wcXlWM0sxdU9MSGRFUVhJUXR2cExpbzVpSlN2SnZEM19LN3J5UEVDS25BZ2pLLVBqN1A3SEtYZTZQTWxHTmoxWGNwWURuR0M5bU9qSGEzTHNWekxYNExNS0g2aUFmM3ZGX0prZWd4dkpzWHlYM05zSlYxeFlUOTNjWE5faHdOLXRDUG9LZnZOR2RoLV9FaXI5WkJhS0Zlb0lPb0RWMDQ0UUZNcEhpN055eGE0RnR5bng4c2FPa2FKVWR1UnVn?oc=5\" target=\"_blank\" rel=\"nofollow noopener\">Walcyr Carrasco convoca elenco de peso para &#8216;Quem Ama Cuida&#8217; na Globo<\/a>&nbsp;&nbsp;O Planeta TV<\/li>\n<li><a href=\"https:\/\/news.google.com\/rss\/articles\/CBMi9wFBVV95cUxQRGFRMEdrOGNmc2puV2k4UmV2cnFlb2RhTTdCUVdlby1JRzFtbXNKOUQ0SUFudk51SXhzX191aVdoandxVVlkanJvY2NxbzdEM25nV1YwOEV3U1Q0ZzllVVVEVE9FeUh4VksyZnF1cXBpZmFuQzl5VktLVXFtRUhnTkpzVW1HdlpSNG9wNUh2MFU5aVhvVEpEVTNGMFF4a0xRaUZaT0RmNFlrVFRBYnFvOVd5QUZZRlJxTzNxb2otSE5aN0M5ZnpFZm5IV0FwbGxfUHdTRW42Tnh1Y2lQWm9iWVFrQUQ1TFpjdWtBaG9vYl9oa3RJTkg00gGGAkFVX3lxTE9Kb1FhZWM4Sm9ONEhHT2FrckVfUlpMWnhRTEg1bm9YSEVzNm5MWm9BeEVHalRXczhidWxvdmhQUlNJaEJWbnE0RTBoMDJ2aTB3SWlIZkx0RzNSRHdSZVBJSTJOZWZpbkJBbFZ5LW5aMk54VHBtbTBhelJ2TzEwVHlkckZHUWZ1THlTMHJrb0FzdXZyUnJOcVlaN19SQ1lvV0VNdm5oM2N2RUhHM2NmNUhycGF5YTZkbGpmSDhoNk9xdjRoN21PUEF5YkhXZVJ1NFZYa0ZlOVhreWVuTXpsSkU2dWd5cXA5NTEtSk9HbU5XaE9ZSWlCdWJiUUtyWFhlYmlibm9HU0E?oc=5\" target=\"_blank\" rel=\"nofollow noopener\">Pedro Alves ser\u00e1 neto de Rosi Campos em &#8216;Quem ama cuida&#8217;; personagens estar\u00e3o no n\u00facleo de Antonio Fagundes<\/a>&nbsp;&nbsp;O Globo<\/li>\n<li><a href=\"https:\/\/news.google.com\/rss\/articles\/CBMi7AFBVV95cUxNNjkzdG81S0tBS2NIWlNUT1dDSzdxNWoycktTSmJsRThaaER1RHRCWUx0bWJaYkM4V1NTZS1aQ25MM09nZEUtR0lvczJ0TFg1dUJqLUdOc21JbTdLTjB1My14X0N1a01KRmVWa183dEhMS3lNMkNxZFFPUDVBMDlpaFU3NGtrX3hnOHpubW9aM3ZjeTU0Y1h0YjhRaXpLUlN2Z3A4bndkdVFDWEpZYlQ5WnFIY1pBMTU1eXloeV9iS2xYclhRZVBqM1MyR09XYWVuYk94ZlhsNzFaOFlyZ19IXzhMMkVHWmR6VnVyStIB8gFBVV95cUxPUHBtaGdfOXBGWndVbmV6Y2N4RDJKbS1vS3JSZ09sMXNILU13MnZZc1MtVE9PV3BfcWJjdEZadDM0WmNTVEt2UHFMaENoUDd3SW5aRS1ra0F6allnU1ZFd2xqT0w4SGJ3TzRYVlkydjAwVTBjWndCcFkwOGVpTWlIdVlEcHFWNks3SFd1RDNwSzdrZTk0bWlINEJ0Vko3MHZ3ZmN1blJ3ZkZDMXNrRWo3Z2VPMXNoXzNXaEtIWFIwbF9lSG1yd2NNSFJkZGN2eHZQVTNqWTFXaGV6WUE5Nm15SUphY1VDZ2NYZXhUdWE5TGdVZw?oc=5\" target=\"_blank\" rel=\"nofollow noopener\">Atriz de &#8216;Beleza Fatal&#8217; e namorada de Jos\u00e9 Loreto, Nanda Marques far\u00e1 novela das nove da Globo<\/a>&nbsp;&nbsp;UOL<\/li>\n<li><a href=\"https:\/\/news.google.com\/rss\/articles\/CBMi2wFBVV95cUxNdzFiOWZhX3hqS1VaOVpvbWJHOUhqM3dISUhTXzBrSGJOSU1aRnJvQjR6aU8tc0JkVDNKVFZwRzltWmJxUjI2VmhhQzNncmV1aEd1RU9Vd3RicUluYlMxNGxhV0xLdUFCcUc5U09aQi0xYkFtVTRSZ01wTUc2UUN1NE9udGVDTWZKaUQtREV3M05VTk1EaVdWQURkeGJuU2UtdU1Ud2pWTzJGbG9VUndNS3JuQ2gybzlkbDliV3VmNVZlTzV5Z254RWp3VktjZmdkUzJDNk83VFV0OTDSAdsBQVVfeXFMTXcxYjlmYV94aktVWjlab21iRzlIajN3SElIU18wa0hiTklNWkZyb0I0emlPLXNCZFQzSlRWcEc5bVpicVIyNlZoYUMzZ3JldWhHdUVPVXd0YnFJbmJTMTRsYVdMS3VBQnFHOVNPWkItMWJBbVU0UmdNcE1HNlFDdTRPbnRlQ01mSmlELURFdzNOVU5NRGlXVkFEZHhiblNlLXVNVHdqVk8yRmxvVVJ3TUtybkNoMm85ZGw5Yld1ZjVWZU81eWdueEVqd1ZLY2ZnZFMyQzZPN1RVdDkw?oc=5\" target=\"_blank\" rel=\"nofollow noopener\">Nanda Marques entra em nova novela e assume namoro com Jos\u00e9 Loreto<\/a>&nbsp;&nbsp;Correio Braziliense<\/li>\n<\/ol>\n","protected":false},"excerpt":{"rendered":"Substituta de &#8216;Tr\u00eas Gra\u00e7as&#8217; confirma 4 atores de &#8216;\u00cata Mundo Melhor&#8217; em seu elenco&nbsp;&nbsp;Terra Walcyr Carrasco convoca elenco&hellip;\n","protected":false},"author":2,"featured_media":225042,"comment_status":"","ping_status":"","sticky":false,"template":"","format":"standard","meta":{"footnotes":""},"categories":[142],"tags":[114,115,32,33,151],"class_list":{"0":"post-227308","1":"post","2":"type-post","3":"status-publish","4":"format-standard","5":"has-post-thumbnail","7":"category-tv","8":"tag-entertainment","9":"tag-entretenimento","10":"tag-portugal","11":"tag-pt","12":"tag-tv"},"share_on_mastodon":{"url":"https:\/\/pubeurope.com\/@pt\/115890082598245236","error":""},"_links":{"self":[{"href":"https:\/\/www.europesays.com\/pt\/wp-json\/wp\/v2\/posts\/227308","targetHints":{"allow":["GET"]}}],"collection":[{"href":"https:\/\/www.europesays.com\/pt\/wp-json\/wp\/v2\/posts"}],"about":[{"href":"https:\/\/www.europesays.com\/pt\/wp-json\/wp\/v2\/types\/post"}],"author":[{"embeddable":true,"href":"https:\/\/www.europesays.com\/pt\/wp-json\/wp\/v2\/users\/2"}],"replies":[{"embeddable":true,"href":"https:\/\/www.europesays.com\/pt\/wp-json\/wp\/v2\/comments?post=227308"}],"version-history":[{"count":0,"href":"https:\/\/www.europesays.com\/pt\/wp-json\/wp\/v2\/posts\/227308\/revisions"}],"wp:featuredmedia":[{"embeddable":true,"href":"https:\/\/www.europesays.com\/pt\/wp-json\/wp\/v2\/media\/225042"}],"wp:attachment":[{"href":"https:\/\/www.europesays.com\/pt\/wp-json\/wp\/v2\/media?parent=227308"}],"wp:term":[{"taxonomy":"category","embeddable":true,"href":"https:\/\/www.europesays.com\/pt\/wp-json\/wp\/v2\/categories?post=227308"},{"taxonomy":"post_tag","embeddable":true,"href":"https:\/\/www.europesays.com\/pt\/wp-json\/wp\/v2\/tags?post=227308"}],"curies":[{"name":"wp","href":"https:\/\/api.w.org\/{rel}","templated":true}]}}