{"id":227324,"date":"2026-01-13T22:20:17","date_gmt":"2026-01-13T22:20:17","guid":{"rendered":"https:\/\/www.europesays.com\/pt\/227324\/"},"modified":"2026-01-13T22:20:17","modified_gmt":"2026-01-13T22:20:17","slug":"newcastle-benfica-b-jogo-international-cup","status":"publish","type":"post","link":"https:\/\/www.europesays.com\/pt\/227324\/","title":{"rendered":"Newcastle Benfica B Jogo International Cup"},"content":{"rendered":"<p>                            <strong>RESUMO BTV<\/strong><\/p>\n<p>O <a href=\"https:\/\/www.slbenfica.pt\/pt-pt\/futebol-formacao\/equipa-b\/plantel\" rel=\"nofollow noopener\" target=\"_blank\"><strong>Benfica B<\/strong><\/a> realizou uma exibi\u00e7\u00e3o muito consistente no Whitley Park, onde venceu, nesta ter\u00e7a-feira, 13 de janeiro, o Newcastle por 0-5, em jogo da 4.\u00aa jornada do Grupo C da Premier League International Cup. A forma\u00e7\u00e3o encarnada assumiu o controlo da partida desde o apito inicial, revelando solidez defensiva e efic\u00e1cia na concretiza\u00e7\u00e3o.<\/p>\n<p>A superioridade benfiquista ficou evidente ainda na 1.\u00aa parte, com <strong>Ol\u00edvio Tom\u00e9 a inaugurar o marcador<\/strong> aos 10&#8242; (<strong>0-1<\/strong>) e Leandro Martins a ampliar aos 20&#8242; (<strong>0-2<\/strong>).<\/p>\n<p>Ap\u00f3s o intervalo, a forma\u00e7\u00e3o encarnada manteve o registo, entrou determinada e voltou a traduzir o dom\u00ednio em golos. <strong>Gon\u00e7alo Moreira destacou-se com 2 tentos, aos 51&#8242; (0-3) e 85&#8242; (0-4)<\/strong>, antes de <strong>Francisco Silva fechar a contagem<\/strong> (<strong>0-5<\/strong>) j\u00e1 em tempo de compensa\u00e7\u00e3o, aos 90&#8217;+5&#8242;, selando um triunfo expressivo fora de casa num duelo que fica ainda marcado pela estreia de <strong>Ricardo Neto<\/strong>.<\/p>\n<p>Com este resultado, o Benfica B fecha o compromisso internacional e <strong>vira aten\u00e7\u00f5es para a Liga 2<\/strong>, regressando ao Benfica Campus (Campo n.\u00ba 1) para defrontar o <strong>GD Chaves<\/strong>, em jogo da 18.\u00aa jornada, marcado para s\u00e1bado, 17 de janeiro, \u00e0s 18h00.<\/p>\n<p><img decoding=\"async\" src=\"https:\/\/www.europesays.com\/pt\/wp-content\/uploads\/2026\/01\/nelson-verissimo-thumbnail.jpg\" alt=\"N\u00e9lson Ver\u00edssimo\" width=\"926px\" height=\"522px\"\/><\/p>\n<p><strong>DECLARA\u00c7\u00d5ES<\/strong><\/p>\n<p><strong>N\u00e9lson Ver\u00edssimo (Benfica B):<\/strong> &#8220;Uma palavra de grande apre\u00e7o aos adeptos que, nestes 4 jogos que fizemos at\u00e9 aqui, nos acompanharam e nos deram todo o apoio poss\u00edvel. Tivemos, neste jogo, um adepto que fez uma viagem de 6 horas para nos ver, pernoitou aqui em Newcastle para ver o nosso jogo, para nos apoiar, da mesma forma que aconteceu com o Brighton, com o Nottingham e, agora o \u00faltimo jogo, com o Chelsea. Relativamente ao jogo: estivemos muito bem, domin\u00e1mos do princ\u00edpio ao fim, n\u00e3o me recordo de um remate de perigo do Newcastle. Cheg\u00e1mos com m\u00e9rito \u00e0 vantagem cedo e depois dilat\u00e1mos para 0-2. Depois, a equipa quebrou um bocadinho naquilo que era a procura do terceiro golo. Foi essa a corre\u00e7\u00e3o que fizemos ao intervalo, no sentido de dizer \u00e0 equipa que o jogo ainda n\u00e3o estava fechado, porque, se sofr\u00eassemos um golo, o Newcastle entrava no jogo. Portanto, o desafio que lan\u00e7\u00e1mos foi vencermos a 2.\u00aa parte, e foi isso que aconteceu. Entr\u00e1mos bem, marc\u00e1mos 3 golos. No somat\u00f3rio total ficam os 5 golos que fizemos, n\u00e3o demos muitas oportunidades \u00e0 equipa contr\u00e1ria para fazer, revel\u00e1mos consist\u00eancia defensiva, portanto, acab\u00e1mos por fazer globalmente um bom jogo. Fomos superiores ao advers\u00e1rio, concretiz\u00e1mos, e devemos tamb\u00e9m assinalar a estreia do Ricardo Neto, um jogador Sub-19, que acabou por ter a oportunidade de jogar e teve um desempenho muito interessante. Dar os parab\u00e9ns aos jogadores, \u00e0 equipa. Fizemos aquilo que nos competia, que era ganhar este jogo, e agora temos de esperar o resultado do jogo do PSG. Estamos dependentes disso para passar \u00e0 fase seguinte.&#8221;<\/p>\n<p><img decoding=\"async\" src=\"https:\/\/www.europesays.com\/pt\/wp-content\/uploads\/2026\/01\/plic-thumbnail.jpg\" alt=\"PLIC\" height=\"522px\" width=\"926px\"\/><\/p>\n<tr>\n<td style=\"background-color: #f2f2f2!important;\" colspan=\"3\"><strong>Premier League International Cup | Grupo C | 4.\u00aa jornada | 13\/01\/2026<\/strong><\/td>\n<\/tr>\n<tr style=\"background-color: #ffffff;\">\n<td style=\"font-size: 25px !important; font-weight: 500; padding: 0 0 20px;\" colspan=\"3\">Newcastle-Benfica B<br \/>0-5<br \/>Whitley Park<\/td>\n<\/tr>\n<tr>\n<td style=\"background-color: #f2f2f2!important;\" colspan=\"3\"><strong>Onze do Benfica B<\/strong><\/td>\n<\/tr>\n<tr>\n<td style=\"padding: 15px 20px;\" colspan=\"3\">Ricardo Ribeiro, Kevin Pinto, Rui Silva, Tiago Parente, Leandro Martins, Martim Ferreira, Francisco Neto, Tom\u00e1s Cruz, Jelani Trevisan, Miguel Figueiredo e Ol\u00edvio Tom\u00e9<\/td>\n<\/tr>\n<tr>\n<td style=\"background-color: #f2f2f2!important;\" colspan=\"3\"><strong>Suplentes<\/strong><\/td>\n<\/tr>\n<tr>\n<td style=\"padding: 15px 20px;\" colspan=\"3\">Alexander Sandahl, Ricardo Neto, Federico Coletta, Gon\u00e7alo Moreira, Peter Edokpolor, Ivan Lima e Francisco Silva<\/td>\n<\/tr>\n<tr>\n<td style=\"background-color: #f2f2f2!important;\" colspan=\"3\"><strong>Treinador do Benfica B<\/strong><\/td>\n<\/tr>\n<tr>\n<td style=\"padding: 15px 20px;\" colspan=\"3\">N\u00e9lson Ver\u00edssimo<\/td>\n<\/tr>\n<tr>\n<td style=\"background-color: #f2f2f2!important;\" colspan=\"3\"><strong>Onze do Newcastle<\/strong><\/td>\n<\/tr>\n<tr>\n<td style=\"padding: 15px 20px;\" colspan=\"3\">Adam Harrison, Ciaran Thompson, Dylan Charlton, Charlie McArthur, Miodrag Pivas, Rory Finneran, Leo Shahar, Sam Alabi, Kacey Wooster, Alfie Harrison e Matheos Ferreira<\/td>\n<\/tr>\n<tr>\n<td style=\"background-color: #f2f2f2!important;\" colspan=\"3\"><strong>Suplentes<\/strong><\/td>\n<\/tr>\n<tr>\n<td style=\"padding: 15px 20px;\" colspan=\"3\">James Taylor, Logan Watts, Mason Miley, Anthony Munda, Kyle Fitzgerald, Seung-Soo Park e Alfie Hutchison<\/td>\n<\/tr>\n<tr>\n<td style=\"border-right: 1px solid #f4f4f4;\" colspan=\"2\"><strong>Ao intervalo<\/strong><\/td>\n<td colspan=\"1\">0-2<\/td>\n<\/tr>\n<tr>\n<td style=\"background-color: #f2f2f2!important;\" colspan=\"3\"><strong>Golos<\/strong><\/td>\n<\/tr>\n<tr>\n<td colspan=\"3\"><strong>Benfica:<\/strong> Ol\u00edvio Tom\u00e9 (10&#8242;), Leandro Martins (20&#8242;), Gon\u00e7alo Moreira (51&#8242; e 85&#8242;) e Francisco Silva (90&#8217;+5&#8242;)<\/td>\n<\/tr>\n","protected":false},"excerpt":{"rendered":"RESUMO BTV O Benfica B realizou uma exibi\u00e7\u00e3o muito consistente no Whitley Park, onde venceu, nesta ter\u00e7a-feira, 13&hellip;\n","protected":false},"author":2,"featured_media":227325,"comment_status":"","ping_status":"","sticky":false,"template":"","format":"standard","meta":{"footnotes":""},"categories":[8],"tags":[27,28,15,16,14,25,26,21,22,12,13,19,20,32,23,24,33,17,18,29,30,31],"class_list":{"0":"post-227324","1":"post","2":"type-post","3":"status-publish","4":"format-standard","5":"has-post-thumbnail","7":"category-principais-noticias","8":"tag-breaking-news","9":"tag-breakingnews","10":"tag-featured-news","11":"tag-featurednews","12":"tag-headlines","13":"tag-latest-news","14":"tag-latestnews","15":"tag-main-news","16":"tag-mainnews","17":"tag-news","18":"tag-noticias","19":"tag-noticias-principais","20":"tag-noticiasprincipais","21":"tag-portugal","22":"tag-principais-noticias","23":"tag-principaisnoticias","24":"tag-pt","25":"tag-top-stories","26":"tag-topstories","27":"tag-ultimas","28":"tag-ultimas-noticias","29":"tag-ultimasnoticias"},"share_on_mastodon":{"url":"https:\/\/pubeurope.com\/@pt\/115890122076244337","error":""},"_links":{"self":[{"href":"https:\/\/www.europesays.com\/pt\/wp-json\/wp\/v2\/posts\/227324","targetHints":{"allow":["GET"]}}],"collection":[{"href":"https:\/\/www.europesays.com\/pt\/wp-json\/wp\/v2\/posts"}],"about":[{"href":"https:\/\/www.europesays.com\/pt\/wp-json\/wp\/v2\/types\/post"}],"author":[{"embeddable":true,"href":"https:\/\/www.europesays.com\/pt\/wp-json\/wp\/v2\/users\/2"}],"replies":[{"embeddable":true,"href":"https:\/\/www.europesays.com\/pt\/wp-json\/wp\/v2\/comments?post=227324"}],"version-history":[{"count":0,"href":"https:\/\/www.europesays.com\/pt\/wp-json\/wp\/v2\/posts\/227324\/revisions"}],"wp:featuredmedia":[{"embeddable":true,"href":"https:\/\/www.europesays.com\/pt\/wp-json\/wp\/v2\/media\/227325"}],"wp:attachment":[{"href":"https:\/\/www.europesays.com\/pt\/wp-json\/wp\/v2\/media?parent=227324"}],"wp:term":[{"taxonomy":"category","embeddable":true,"href":"https:\/\/www.europesays.com\/pt\/wp-json\/wp\/v2\/categories?post=227324"},{"taxonomy":"post_tag","embeddable":true,"href":"https:\/\/www.europesays.com\/pt\/wp-json\/wp\/v2\/tags?post=227324"}],"curies":[{"name":"wp","href":"https:\/\/api.w.org\/{rel}","templated":true}]}}