{"id":227346,"date":"2026-01-13T22:34:15","date_gmt":"2026-01-13T22:34:15","guid":{"rendered":"https:\/\/www.europesays.com\/pt\/227346\/"},"modified":"2026-01-13T22:34:15","modified_gmt":"2026-01-13T22:34:15","slug":"alegacoes-de-assedio-na-il-partido-recusa-esclarecimentos-internos","status":"publish","type":"post","link":"https:\/\/www.europesays.com\/pt\/227346\/","title":{"rendered":"Alega\u00e7\u00f5es de Ass\u00e9dio na IL: Partido Recusa Esclarecimentos Internos"},"content":{"rendered":"<p>A jurista e advogada cujo nome surgiu esta segunda-feira associado \u00e0 den\u00fancia de ass\u00e9dio sexual por parte de Jo\u00e3o Cotrim de Figueiredo enquanto este era o presidente do partido e ela uma jovem assessora do respetivo Grupo Parlamentar (GP) foi exonerada dessas fun\u00e7\u00f5es, a seu pedido, em outubro de 2023, quando tinha sido contratada no in\u00edcio da legislatura, em 2022. <\/p>\n<p>Face a esse pedido de exonera\u00e7\u00e3o e ao facto de o Observador ter noticiado que \u201cas alega\u00e7\u00f5es de ass\u00e9dio eram conhecidas na IL h\u00e1 dois anos\u201d, sem que existisse desmentido por parte do partido, o DN contactou a assessoria de Imprensa do GP para tentar confirmar tal informa\u00e7\u00e3o (ou seja, se efetivamente as alega\u00e7\u00f5es eram conhecidas h\u00e1 anos no partido) e obter esclarecimento sobre se existiu alguma den\u00fancia interna relativa \u00e0s alega\u00e7\u00f5es em causa. <\/p>\n<p>O jornal quis igualmente saber se, no caso de ter existido essa den\u00fancia, fora instaurado um inqu\u00e9rito ou averigua\u00e7\u00e3o, quando e qual o resultado, e se o partido tem um C\u00f3digo de Conduta que inclua normas sobre ass\u00e9dio no trabalho e ass\u00e9dio sexual, solicitando acesso ao mesmo. <\/p>\n<p>A resposta da assessoria surgiu algumas horas depois, numa simples frase: \u201cA Iniciativa Liberal n\u00e3o vai alimentar uma campanha suja que decorre neste momento por via das elei\u00e7\u00f5es presidenciais.\u201d O DN insistiu: recusam esclarecer se as alega\u00e7\u00f5es de ass\u00e9dio foram denunciadas internamente? O retorno foi: \u201cN\u00e3o temos mais nada a acrescentar\u201d.<\/p>\n<p>Esta rea\u00e7\u00e3o reproduz, quase ipsis verbis, as declara\u00e7\u00f5es feitas esta ter\u00e7a-feira pelo candidato presidencial da IL, ao reputar a den\u00fancia em causa de \u201cmanobra pol\u00edtica do mais suja que h\u00e1\u201d, pedindo \u201caos portugueses n\u00e3o se deixem enganar por este tipo de campanhas sujas e que confiem que sou a mesma pessoa que sempre fui na vida p\u00fablica e que n\u00e3o tenho nada a esconder\u201d.<\/p>\n","protected":false},"excerpt":{"rendered":"A jurista e advogada cujo nome surgiu esta segunda-feira associado \u00e0 den\u00fancia de ass\u00e9dio sexual por parte de&hellip;\n","protected":false},"author":2,"featured_media":227347,"comment_status":"","ping_status":"","sticky":false,"template":"","format":"standard","meta":{"footnotes":""},"categories":[8],"tags":[27,28,30646,15,16,14,4578,25,26,21,22,12,13,19,20,32,1076,23,24,33,17,18,29,30,31],"class_list":{"0":"post-227346","1":"post","2":"type-post","3":"status-publish","4":"format-standard","5":"has-post-thumbnail","7":"category-principais-noticias","8":"tag-breaking-news","9":"tag-breakingnews","10":"tag-cotrim-de-figueiredo","11":"tag-featured-news","12":"tag-featurednews","13":"tag-headlines","14":"tag-iniciativa-liberal","15":"tag-latest-news","16":"tag-latestnews","17":"tag-main-news","18":"tag-mainnews","19":"tag-news","20":"tag-noticias","21":"tag-noticias-principais","22":"tag-noticiasprincipais","23":"tag-portugal","24":"tag-presidenciais-2026","25":"tag-principais-noticias","26":"tag-principaisnoticias","27":"tag-pt","28":"tag-top-stories","29":"tag-topstories","30":"tag-ultimas","31":"tag-ultimas-noticias","32":"tag-ultimasnoticias"},"share_on_mastodon":{"url":"https:\/\/pubeurope.com\/@pt\/115890177315282665","error":""},"_links":{"self":[{"href":"https:\/\/www.europesays.com\/pt\/wp-json\/wp\/v2\/posts\/227346","targetHints":{"allow":["GET"]}}],"collection":[{"href":"https:\/\/www.europesays.com\/pt\/wp-json\/wp\/v2\/posts"}],"about":[{"href":"https:\/\/www.europesays.com\/pt\/wp-json\/wp\/v2\/types\/post"}],"author":[{"embeddable":true,"href":"https:\/\/www.europesays.com\/pt\/wp-json\/wp\/v2\/users\/2"}],"replies":[{"embeddable":true,"href":"https:\/\/www.europesays.com\/pt\/wp-json\/wp\/v2\/comments?post=227346"}],"version-history":[{"count":0,"href":"https:\/\/www.europesays.com\/pt\/wp-json\/wp\/v2\/posts\/227346\/revisions"}],"wp:featuredmedia":[{"embeddable":true,"href":"https:\/\/www.europesays.com\/pt\/wp-json\/wp\/v2\/media\/227347"}],"wp:attachment":[{"href":"https:\/\/www.europesays.com\/pt\/wp-json\/wp\/v2\/media?parent=227346"}],"wp:term":[{"taxonomy":"category","embeddable":true,"href":"https:\/\/www.europesays.com\/pt\/wp-json\/wp\/v2\/categories?post=227346"},{"taxonomy":"post_tag","embeddable":true,"href":"https:\/\/www.europesays.com\/pt\/wp-json\/wp\/v2\/tags?post=227346"}],"curies":[{"name":"wp","href":"https:\/\/api.w.org\/{rel}","templated":true}]}}