{"id":227354,"date":"2026-01-13T22:40:14","date_gmt":"2026-01-13T22:40:14","guid":{"rendered":"https:\/\/www.europesays.com\/pt\/227354\/"},"modified":"2026-01-13T22:40:14","modified_gmt":"2026-01-13T22:40:14","slug":"pantera-negra-damson-idris-comenta-rumor-de-que-assumiria-o-papel","status":"publish","type":"post","link":"https:\/\/www.europesays.com\/pt\/227354\/","title":{"rendered":"Pantera Negra | Damson Idris comenta rumor de que assumiria o papel"},"content":{"rendered":"<p>  <img decoding=\"async\" src=\"https:\/\/cdn.ome.lt\/static\/omelete\/img\/loading.svg\" alt=\"\"\/><\/p>\n<p>  <img decoding=\"async\" class=\"article__cover__image\" data-lazy-src-mob=\"\/\/cdn.ome.lt\/NmYMsRpECO8Qega_A6Prax4NmcE=\/570x0\/smart\/filters:format(webp)\/uploads\/conteudo\/fotos\/Damson-Idris-responde-rumores-sobre-interpretar-TChalla-em-Pantera-Negra-3.png\" data-lazy-src=\"https:\/\/cdn.ome.lt\/rgLq2mJc0CiwOIjex4Lopmh29RY=\/987x0\/smart\/filters:format(webp)\/uploads\/conteudo\/fotos\/Damson-Idris-responde-rumores-sobre-interpretar-TChalla-em-Pantera-Negra-3.png\" src=\"data:image\/png;base64,iVBORw0KGgoAAAANSUhEUgAAAAEAAAABCAQAAAC1HAwCAAAAC0lEQVR42mNkYAAAAAYAAjCB0C8AAAAASUVORK5CYII=\" alt=\"Damson Idris\" title=\"Damson Idris\" width=\"987\" height=\"555\" fetchpriority=\"high\"\/><\/p>\n<p class=\"article__cover__credits\">\n  Cr\u00e9ditos da imagem:<br \/>\n  Reprodu\u00e7\u00e3o\n<\/p>\n<p>O ator <strong>Damson Idris<\/strong> abordou publicamente, pela primeira vez, os rumores de que seria a escolha da <strong>Marvel Studios<\/strong> para assumir o papel de T&#8217;Challa, o Pantera Negra, em um futuro terceiro filme da franquia. Em entrevista \u00e0 Variety no tapete vermelho do <strong>Golden Globes<\/strong>, o astro de F1: O Filme se mostrou grato pelo apoio dos f\u00e3s, mas manteve a discri\u00e7\u00e3o sobre qualquer confirma\u00e7\u00e3o.<\/p>\n<p>&#8220;Eu sou grato aos f\u00e3s&#8221;, disse Idris. &#8220;Claro que \u00e9 um rumor, mas eu amo aquele filme. Amo aquele mundo. Fico feliz que todos estejam vendo o futuro dele tamb\u00e9m. Est\u00e1 se movendo em uma dire\u00e7\u00e3o brilhante, e estou animado pelo terceiro filme&#8221;.<\/p>\n<p>            Continua depois da Publicidade<\/p>\n<p>Os rumores em torno de Idris ganharam for\u00e7a nos \u00faltimos meses, com mais rumores de que a Marvel estaria pensando em colocar um novo ator para interpretar T&#8217;Challa para substituir\u00a0<strong>Chadwick Boseman<\/strong>, que faleceu em 2020.<\/p>\n<p>    <strong>Tudo sobre\u00a0Pantera Negra 3<\/strong><\/p>\n<p>O primeiro filme de\u00a0Pantera Negra\u00a0saiu em 2018 e se tornou um dos maiores fen\u00f4menos da Marvel at\u00e9 hoje, acumulando US$ 1 bilh\u00e3o na bilheteria, indica\u00e7\u00f5es a Oscar (incluindo Melhor Filme) e avalia\u00e7\u00f5es positivas na cr\u00edtica. O longa lan\u00e7ou\u00a0<strong>Chadwick Boseman<\/strong>\u00a0como uma estrela, mas Boseman faleceu tragicamente em agosto de 2020 ap\u00f3s batalhar em segredo com c\u00e2ncer no c\u00f3lon.\u00a0<\/p>\n<p>O que seria<strong>\u00a0Pantera Negra 2\u00a0<\/strong>precisou ser totalmente reconstru\u00eddo e virou\u00a0<strong>Pantera Negra: Wakanda Para Sempre<\/strong>, um filme faz paralelo com a morte de Boseman ao narrar a morte do protagonista, T&#8217;Challa. Numa tentativa de lidar com o luto pela fic\u00e7\u00e3o, acompanhamos os personagens enfrentando uma nova amea\u00e7a em Namor (<strong>Tenoch Huerta<\/strong>) e seu reino submarino enquanto tentam preencher o vazio deixado pela morte do rei de Wakanda.<\/p>\n<p>            Continua depois da Publicidade<\/p>\n<p>Com recep\u00e7\u00e3o relativamente positiva, o filme teve bom desempenho na bilheteria, arrecadando US$ 859 milh\u00f5es, e passou o manto de Pantera Negra para Shuri (<strong>Letitia Wright<\/strong>), irm\u00e3 mais nova de T&#8217;Challa, assim repetindo acontecimentos dos quadrinhos da Marvel.<\/p>\n<p data-gtm-vis-first-on-screen67967661_30=\"443688\" data-gtm-vis-has-fired67967661_30=\"1\" data-gtm-vis-total-visible-time67967661_30=\"100\">Pantera Negra 3\u00a0ainda n\u00e3o foi confirmado oficialmente pela Marvel, mas j\u00e1 \u00e9 uma certeza. Uma data de lan\u00e7amento n\u00e3o foi revelada, mas deve chegar depois de\u00a0<strong>Vingadores: Doomsday<\/strong>.<\/p>\n","protected":false},"excerpt":{"rendered":"Cr\u00e9ditos da imagem: Reprodu\u00e7\u00e3o O ator Damson Idris abordou publicamente, pela primeira vez, os rumores de que seria&hellip;\n","protected":false},"author":2,"featured_media":227355,"comment_status":"","ping_status":"","sticky":false,"template":"","format":"standard","meta":{"footnotes":""},"categories":[140],"tags":[114,115,147,148,146,32,33],"class_list":{"0":"post-227354","1":"post","2":"type-post","3":"status-publish","4":"format-standard","5":"has-post-thumbnail","7":"category-filmes","8":"tag-entertainment","9":"tag-entretenimento","10":"tag-film","11":"tag-filmes","12":"tag-movies","13":"tag-portugal","14":"tag-pt"},"share_on_mastodon":{"url":"https:\/\/pubeurope.com\/@pt\/115890200529029303","error":""},"_links":{"self":[{"href":"https:\/\/www.europesays.com\/pt\/wp-json\/wp\/v2\/posts\/227354","targetHints":{"allow":["GET"]}}],"collection":[{"href":"https:\/\/www.europesays.com\/pt\/wp-json\/wp\/v2\/posts"}],"about":[{"href":"https:\/\/www.europesays.com\/pt\/wp-json\/wp\/v2\/types\/post"}],"author":[{"embeddable":true,"href":"https:\/\/www.europesays.com\/pt\/wp-json\/wp\/v2\/users\/2"}],"replies":[{"embeddable":true,"href":"https:\/\/www.europesays.com\/pt\/wp-json\/wp\/v2\/comments?post=227354"}],"version-history":[{"count":0,"href":"https:\/\/www.europesays.com\/pt\/wp-json\/wp\/v2\/posts\/227354\/revisions"}],"wp:featuredmedia":[{"embeddable":true,"href":"https:\/\/www.europesays.com\/pt\/wp-json\/wp\/v2\/media\/227355"}],"wp:attachment":[{"href":"https:\/\/www.europesays.com\/pt\/wp-json\/wp\/v2\/media?parent=227354"}],"wp:term":[{"taxonomy":"category","embeddable":true,"href":"https:\/\/www.europesays.com\/pt\/wp-json\/wp\/v2\/categories?post=227354"},{"taxonomy":"post_tag","embeddable":true,"href":"https:\/\/www.europesays.com\/pt\/wp-json\/wp\/v2\/tags?post=227354"}],"curies":[{"name":"wp","href":"https:\/\/api.w.org\/{rel}","templated":true}]}}