{"id":227373,"date":"2026-01-13T22:53:08","date_gmt":"2026-01-13T22:53:08","guid":{"rendered":"https:\/\/www.europesays.com\/pt\/227373\/"},"modified":"2026-01-13T22:53:08","modified_gmt":"2026-01-13T22:53:08","slug":"par-de-convites-frontstage-bloco-california-promocoes","status":"publish","type":"post","link":"https:\/\/www.europesays.com\/pt\/227373\/","title":{"rendered":"Par de Convites FRONTSTAGE Bloco California &#8211; Promo\u00e7\u00f5es"},"content":{"rendered":"<p>Dia 07\/02 a alegria vai tomar conta de todos os cantos do Est\u00e1dio Palma Travassos.<\/p>\n<p>Pedro Sampaio, Rappazolla, Country Beat, Vou Zuar e Tati Romero convida Cebola v\u00e3o comandar o bloco mais esperado do nosso pr\u00e9-carnaval.<\/p>\n<p>T\u00e1 afim de ganhar Par de Convites do FRONTSTAGE? Ent\u00e3o fa\u00e7a j\u00e1 sua inscri\u00e7\u00e3o e concorra!<\/p>\n<p>Os ingressos ser\u00e3o enviados para os ganhadores no WhatsApp de cadastro na semana do evento, mantenha seu n\u00famero atualizado.<\/p>\n<p>A R\u00e1dio Oficial do evento \u00e9 a Clube FM &#8211; T\u00e1 na Clube, T\u00e1 Legal!<\/p>\n","protected":false},"excerpt":{"rendered":"Dia 07\/02 a alegria vai tomar conta de todos os cantos do Est\u00e1dio Palma Travassos. Pedro Sampaio, Rappazolla,&hellip;\n","protected":false},"author":2,"featured_media":227374,"comment_status":"","ping_status":"","sticky":false,"template":"","format":"standard","meta":{"footnotes":""},"categories":[141],"tags":[114,115,149,150,32,8454,2064,8453,8452,33,8455],"class_list":{"0":"post-227373","1":"post","2":"type-post","3":"status-publish","4":"format-standard","5":"has-post-thumbnail","7":"category-musica","8":"tag-entertainment","9":"tag-entretenimento","10":"tag-music","11":"tag-musica","12":"tag-portugal","13":"tag-promo-clube","14":"tag-promocoes","15":"tag-promocoes-clube-fm","16":"tag-promocoes-radio","17":"tag-pt","18":"tag-quintal-da-clube"},"share_on_mastodon":{"url":"https:\/\/pubeurope.com\/@pt\/115890251937150544","error":""},"_links":{"self":[{"href":"https:\/\/www.europesays.com\/pt\/wp-json\/wp\/v2\/posts\/227373","targetHints":{"allow":["GET"]}}],"collection":[{"href":"https:\/\/www.europesays.com\/pt\/wp-json\/wp\/v2\/posts"}],"about":[{"href":"https:\/\/www.europesays.com\/pt\/wp-json\/wp\/v2\/types\/post"}],"author":[{"embeddable":true,"href":"https:\/\/www.europesays.com\/pt\/wp-json\/wp\/v2\/users\/2"}],"replies":[{"embeddable":true,"href":"https:\/\/www.europesays.com\/pt\/wp-json\/wp\/v2\/comments?post=227373"}],"version-history":[{"count":0,"href":"https:\/\/www.europesays.com\/pt\/wp-json\/wp\/v2\/posts\/227373\/revisions"}],"wp:featuredmedia":[{"embeddable":true,"href":"https:\/\/www.europesays.com\/pt\/wp-json\/wp\/v2\/media\/227374"}],"wp:attachment":[{"href":"https:\/\/www.europesays.com\/pt\/wp-json\/wp\/v2\/media?parent=227373"}],"wp:term":[{"taxonomy":"category","embeddable":true,"href":"https:\/\/www.europesays.com\/pt\/wp-json\/wp\/v2\/categories?post=227373"},{"taxonomy":"post_tag","embeddable":true,"href":"https:\/\/www.europesays.com\/pt\/wp-json\/wp\/v2\/tags?post=227373"}],"curies":[{"name":"wp","href":"https:\/\/api.w.org\/{rel}","templated":true}]}}