{"id":227383,"date":"2026-01-13T23:00:07","date_gmt":"2026-01-13T23:00:07","guid":{"rendered":"https:\/\/www.europesays.com\/pt\/227383\/"},"modified":"2026-01-13T23:00:07","modified_gmt":"2026-01-13T23:00:07","slug":"campanha-de-andre-ventura-distribui-t-shirts-feitas-no-bangladesh","status":"publish","type":"post","link":"https:\/\/www.europesays.com\/pt\/227383\/","title":{"rendered":"Campanha de Andr\u00e9 Ventura distribui t-shirts feitas no Bangladesh"},"content":{"rendered":"<p data-remotead-prev-elm=\"true\" data-remotead-elm-id=\"inread\">As t-shirts s\u00e3o feitas por uma empresa do grupo Keya, daquele pa\u00eds asi\u00e1tico, que, no seu site, diz ter uma capacidade de produ\u00e7\u00e3o superior a 100 milh\u00f5es de pe\u00e7as de t\u00eaxtil, tendo na Europa a sua representante (Kamp Europe BVBA &#8211; tamb\u00e9m referenciada na t-shirt).<\/p>\n<p>J\u00e1 os chap\u00e9us e cachec\u00f3is oferecidos pela campanha como brinde n\u00e3o t\u00eam qualquer refer\u00eancia \u00e0 origem de produ\u00e7\u00e3o.<\/p>\n<blockquote class=\"twitter-tweet\" data-media-max-width=\"560\">\n<p>O CH VESTE BANGLADESH<br \/>As `t-shirts\u00b4distribu\u00eddas numa a\u00e7\u00e3o da campanha de Ventura \u00e0s presidenciais em Mirandela eram `made in Bangladesh&#8221;, segundo se pode verificar na etiqueta, conta a Lusa. S\u00e3o feitas por uma empresa do grupo Keya, daquele pa\u00eds.<a href=\"https:\/\/t.co\/UciJksXWc7\" rel=\"nofollow\">https:\/\/t.co\/UciJksXWc7<\/a> <a href=\"https:\/\/t.co\/6sQlhH8htI\" rel=\"nofollow\">pic.twitter.com\/6sQlhH8htI<\/a><\/p>\n<p>&#8211; Miguel Carvalho (@MIGUELCreporter) <a href=\"https:\/\/twitter.com\/MIGUELCreporter\/status\/2010781473343676777?ref_src=twsrc%5Etfw\" rel=\"nofollow noopener\" target=\"_blank\">January 12, 2026<\/a><\/p><\/blockquote>\n<p>A maioria dos brindes presentes em Mirandela estava em caixas com refer\u00eancia \u00e0 empresa Best Oriente, que no seu site afirma ser uma &#8220;empresa luso-chinesa&#8221; que se posiciona no mercado do marketing promocional &#8220;Made in China, com servi\u00e7o de chave na m\u00e3o&#8221;, tendo estrutura pr\u00f3pria de produ\u00e7\u00e3o em Yiwu, naquele pa\u00eds.<\/p>\n<p data-remotead-prev-elm=\"true\" data-remotead-elm-id=\"centro1\">&#8220;Isto n\u00e3o \u00e9 o Bangladesh&#8221; \u00e9 uma das mensagens que consta dos cartazes da candidatura de Andr\u00e9 Ventura e uma das frases mais repetidas pelo l\u00edder do Chega e candidato a Bel\u00e9m em muitas das declara\u00e7\u00f5es \u00e0 comunica\u00e7\u00e3o social, durante a campanha eleitoral \u00e0s presidenciais.<\/p>\n<p>Ainda esta manh\u00e3, durante uma visita \u00e0 Adega de Vila Real, Ventura repetiu a ideia: &#8220;Se n\u00f3s pag\u00e1ssemos melhor aos nossos, n\u00f3s n\u00e3o precis\u00e1vamos desta invas\u00e3o de indianos, do Bangladesh, do Nepal e de todos os outros pa\u00edses.&#8221;<\/p>\n<p><script async src=\"https:\/\/platform.twitter.com\/widgets.js\" charset=\"utf-8\"><\/script><\/p>\n","protected":false},"excerpt":{"rendered":"As t-shirts s\u00e3o feitas por uma empresa do grupo Keya, daquele pa\u00eds asi\u00e1tico, que, no seu site, diz&hellip;\n","protected":false},"author":2,"featured_media":227384,"comment_status":"","ping_status":"","sticky":false,"template":"","format":"standard","meta":{"footnotes":""},"categories":[50],"tags":[3386,8566,27,28,15,16,14,25,26,21,22,62,619,12,13,19,20,5215,23,24,17,18,29,30,31,63,64,65],"class_list":{"0":"post-227383","1":"post","2":"type-post","3":"status-publish","4":"format-standard","5":"has-post-thumbnail","7":"category-mundo","8":"tag-andre-ventura","9":"tag-bangladesh","10":"tag-breaking-news","11":"tag-breakingnews","12":"tag-featured-news","13":"tag-featurednews","14":"tag-headlines","15":"tag-latest-news","16":"tag-latestnews","17":"tag-main-news","18":"tag-mainnews","19":"tag-mundo","20":"tag-nacional","21":"tag-news","22":"tag-noticias","23":"tag-noticias-principais","24":"tag-noticiasprincipais","25":"tag-presidenciais","26":"tag-principais-noticias","27":"tag-principaisnoticias","28":"tag-top-stories","29":"tag-topstories","30":"tag-ultimas","31":"tag-ultimas-noticias","32":"tag-ultimasnoticias","33":"tag-world","34":"tag-world-news","35":"tag-worldnews"},"share_on_mastodon":{"url":"https:\/\/pubeurope.com\/@pt\/115890279181826340","error":""},"_links":{"self":[{"href":"https:\/\/www.europesays.com\/pt\/wp-json\/wp\/v2\/posts\/227383","targetHints":{"allow":["GET"]}}],"collection":[{"href":"https:\/\/www.europesays.com\/pt\/wp-json\/wp\/v2\/posts"}],"about":[{"href":"https:\/\/www.europesays.com\/pt\/wp-json\/wp\/v2\/types\/post"}],"author":[{"embeddable":true,"href":"https:\/\/www.europesays.com\/pt\/wp-json\/wp\/v2\/users\/2"}],"replies":[{"embeddable":true,"href":"https:\/\/www.europesays.com\/pt\/wp-json\/wp\/v2\/comments?post=227383"}],"version-history":[{"count":0,"href":"https:\/\/www.europesays.com\/pt\/wp-json\/wp\/v2\/posts\/227383\/revisions"}],"wp:featuredmedia":[{"embeddable":true,"href":"https:\/\/www.europesays.com\/pt\/wp-json\/wp\/v2\/media\/227384"}],"wp:attachment":[{"href":"https:\/\/www.europesays.com\/pt\/wp-json\/wp\/v2\/media?parent=227383"}],"wp:term":[{"taxonomy":"category","embeddable":true,"href":"https:\/\/www.europesays.com\/pt\/wp-json\/wp\/v2\/categories?post=227383"},{"taxonomy":"post_tag","embeddable":true,"href":"https:\/\/www.europesays.com\/pt\/wp-json\/wp\/v2\/tags?post=227383"}],"curies":[{"name":"wp","href":"https:\/\/api.w.org\/{rel}","templated":true}]}}