{"id":227391,"date":"2026-01-13T23:07:08","date_gmt":"2026-01-13T23:07:08","guid":{"rendered":"https:\/\/www.europesays.com\/pt\/227391\/"},"modified":"2026-01-13T23:07:08","modified_gmt":"2026-01-13T23:07:08","slug":"sky-ira-produzir-serie-de-a-garota-com-a-tatuagem-do-dragao","status":"publish","type":"post","link":"https:\/\/www.europesays.com\/pt\/227391\/","title":{"rendered":"Sky ir\u00e1 produzir s\u00e9rie de A Garota com a Tatuagem do Drag\u00e3o"},"content":{"rendered":"<p class=\"wp-block-yoast-seo-estimated-reading-time yoast-reading-time__wrapper\">Estimated reading time: 2 minutos<\/p>\n<p>De acordo com <strong>TheWrap<\/strong>, uma nova adapta\u00e7\u00e3o de <a href=\"https:\/\/ovicio.com.br\/tag\/millenium\/\" target=\"_blank\" rel=\"noreferrer noopener nofollow\">A Garota com a Tatuagem do Drag\u00e3o<\/a>, obra de <strong>Stieg Larsson<\/strong>, est\u00e1 oficialmente em desenvolvimento.<\/p>\n<p>Trata-se de uma s\u00e9rie de oito epis\u00f3dios, encomendada pela emissora<strong> Sky<\/strong>, e promete reimaginar a hist\u00f3ria para os dias atuais, mantendo fidelidade aos livros da aclamada s\u00e9rie <strong>Millennium<\/strong>.<\/p>\n<p>As filmagens est\u00e3o previstas para come\u00e7ar na primavera deste ano, na Litu\u00e2nia.<\/p>\n<p>O roteiro ficar\u00e1 sob responsabilidade de <strong>Steve Lightfoot<\/strong> (O Justiceiro) e <strong>Angela LaManna<\/strong> (A Maldi\u00e7\u00e3o da Mans\u00e3o Bly), que tamb\u00e9m atuar\u00e3o como produtores executivos.<\/p>\n<p><strong>Left Bank Pictures<\/strong>, est\u00fadio respons\u00e1vel por s\u00e9ries de sucesso como <strong>The Crown<\/strong> e <strong>Dept. Q<\/strong>, est\u00e1 envolvido.<\/p>\n<p>No que diz respeito \u00e0 distribui\u00e7\u00e3o, ser\u00e1 exibida pela pr\u00f3pria Sky no <strong>Reino Unido, Irlanda, It\u00e1lia, Alemanha, Su\u00ed\u00e7a e \u00c1ustria<\/strong>, enquanto a <strong>Sony Pictures Television<\/strong> ficar\u00e1 respons\u00e1vel pela distribui\u00e7\u00e3o internacional.<\/p>\n<p>Leia mais sobre Millenium:<\/p>\n<p>A Garota com a Tatuagem do Drag\u00e3o \u00e9 o primeiro livro da s\u00e9rie Millennium, tendo sido publicado em 2005.<\/p>\n<p>Desde ent\u00e3o, os romances de <strong>Stieg Larsson<\/strong> j\u00e1 venderam <strong>mais de 100 milh\u00f5es de c\u00f3pias<\/strong> ao redor do mundo mundo, consolidando-se como um dos maiores fen\u00f4menos da literatura policial contempor\u00e2nea.<\/p>\n<p><strong>Fonte<\/strong>: <a href=\"https:\/\/www.thewrap.com\/media-platforms\/tv\/the-girl-with-the-dragon-tattoo-series-sky\/\" target=\"_blank\" rel=\"noreferrer noopener nofollow\">TheWrap<\/a><\/p>\n","protected":false},"excerpt":{"rendered":"Estimated reading time: 2 minutos De acordo com TheWrap, uma nova adapta\u00e7\u00e3o de A Garota com a Tatuagem&hellip;\n","protected":false},"author":2,"featured_media":227392,"comment_status":"","ping_status":"","sticky":false,"template":"","format":"standard","meta":{"footnotes":""},"categories":[142],"tags":[43743,114,115,9518,43744,32,33,151],"class_list":{"0":"post-227391","1":"post","2":"type-post","3":"status-publish","4":"format-standard","5":"has-post-thumbnail","7":"category-tv","8":"tag-a-garota-com-a-tatuagem-do-dragao","9":"tag-entertainment","10":"tag-entretenimento","11":"tag-millenium","12":"tag-os-homens-que-nao-amavam-as-mulheres","13":"tag-portugal","14":"tag-pt","15":"tag-tv"},"share_on_mastodon":{"url":"https:\/\/pubeurope.com\/@pt\/115890306599297082","error":""},"_links":{"self":[{"href":"https:\/\/www.europesays.com\/pt\/wp-json\/wp\/v2\/posts\/227391","targetHints":{"allow":["GET"]}}],"collection":[{"href":"https:\/\/www.europesays.com\/pt\/wp-json\/wp\/v2\/posts"}],"about":[{"href":"https:\/\/www.europesays.com\/pt\/wp-json\/wp\/v2\/types\/post"}],"author":[{"embeddable":true,"href":"https:\/\/www.europesays.com\/pt\/wp-json\/wp\/v2\/users\/2"}],"replies":[{"embeddable":true,"href":"https:\/\/www.europesays.com\/pt\/wp-json\/wp\/v2\/comments?post=227391"}],"version-history":[{"count":0,"href":"https:\/\/www.europesays.com\/pt\/wp-json\/wp\/v2\/posts\/227391\/revisions"}],"wp:featuredmedia":[{"embeddable":true,"href":"https:\/\/www.europesays.com\/pt\/wp-json\/wp\/v2\/media\/227392"}],"wp:attachment":[{"href":"https:\/\/www.europesays.com\/pt\/wp-json\/wp\/v2\/media?parent=227391"}],"wp:term":[{"taxonomy":"category","embeddable":true,"href":"https:\/\/www.europesays.com\/pt\/wp-json\/wp\/v2\/categories?post=227391"},{"taxonomy":"post_tag","embeddable":true,"href":"https:\/\/www.europesays.com\/pt\/wp-json\/wp\/v2\/tags?post=227391"}],"curies":[{"name":"wp","href":"https:\/\/api.w.org\/{rel}","templated":true}]}}