{"id":227393,"date":"2026-01-13T23:08:15","date_gmt":"2026-01-13T23:08:15","guid":{"rendered":"https:\/\/www.europesays.com\/pt\/227393\/"},"modified":"2026-01-13T23:08:15","modified_gmt":"2026-01-13T23:08:15","slug":"e-uma-das-melhores-bandas-de-musica-do-pais-25-anos-depois-volta-a-moncao","status":"publish","type":"post","link":"https:\/\/www.europesays.com\/pt\/227393\/","title":{"rendered":"\u00c9 uma das melhores bandas de m\u00fasica do Pa\u00eds\u2026 25 anos depois volta a Mon\u00e7\u00e3o"},"content":{"rendered":"<p>A Banda de M\u00fasica da For\u00e7a A\u00e9rea\u00a0<strong>vai tocar em Mon\u00e7\u00e3o na pr\u00f3xima sexta-feira, dia 16 de janeiro de 2026.<\/strong><\/p>\n<p>\u00a0<\/p>\n<p>O espet\u00e1culo, integrado no encerramento das comemora\u00e7\u00f5es dos 125 anos dos Bombeiros Volunt\u00e1rios de Mon\u00e7\u00e3o,\u00a0<strong>vai realizar-se \u00e0s 21h30, no Cine Teatro Jo\u00e3o Verde.<\/strong><\/p>\n<p>\u00a0<\/p>\n<p>Sabe a R\u00e1dio Vale do Minho que <strong>ainda h\u00e1 bilhetes dispon\u00edveis.<\/strong> Cada ingresso ter\u00e1 o pre\u00e7o de 15 euros.<\/p>\n<p>\u00a0<\/p>\n<p><strong>\u00c9 preciso recuar at\u00e9 ao ano 2000 para encontrar a \u00faltima vez<\/strong>\u00a0que esta banda atuou em Mon\u00e7\u00e3o.<\/p>\n<p>\u00a0<\/p>\n<p>\u00c9 considerada uma das melhores bandas de m\u00fasica do Pa\u00eds.<\/p>\n<p>\u00a0<\/p>\n<p>A Banda de M\u00fasica da For\u00e7a\u00a0A\u00e9rea Portuguesa<strong>\u00a0foi criada em 31 de dezembro de 1957<\/strong>\u00a0na depend\u00eancia da ent\u00e3o Secretaria de Estado da Aeron\u00e1utica. Atualmente depende diretamente do\u00a0Chefe do Estado-Maior da For\u00e7a\u00a0A\u00e9rea\u00a0(CEMFA) e toda a sua atividade \u00e9 coordenada pelo seu pr\u00f3prio gabinete.<\/p>\n<p>\u00a0<\/p>\n<p>Pela forma exemplar como tem cumprido a miss\u00e3o que lhe est\u00e1 atribu\u00edda e, pelo contributo para elevar o prest\u00edgio da For\u00e7a A\u00e9rea Portuguesa, das For\u00e7as Armadas e de Portugal,<strong>\u00a0foi condecorada em 1997, pelas m\u00e3os do Presidente da Rep\u00fablica, com a Medalha de Ouro de Servi\u00e7os Distintos e, em 2023, distinguida como Membro Honor\u00e1rio da Ordem Militar de Santiago da Espada.<\/strong><\/p>\n<p>\u00a0<\/p>\n<p>\u00a0<\/p>\n<p>[cr\u00e9dito fotografia: arquivo\/Munic\u00edpio Montijo]<\/p>\n","protected":false},"excerpt":{"rendered":"A Banda de M\u00fasica da For\u00e7a A\u00e9rea\u00a0vai tocar em Mon\u00e7\u00e3o na pr\u00f3xima sexta-feira, dia 16 de janeiro de&hellip;\n","protected":false},"author":2,"featured_media":227394,"comment_status":"","ping_status":"","sticky":false,"template":"","format":"standard","meta":{"footnotes":""},"categories":[141],"tags":[114,115,149,150,32,33],"class_list":{"0":"post-227393","1":"post","2":"type-post","3":"status-publish","4":"format-standard","5":"has-post-thumbnail","7":"category-musica","8":"tag-entertainment","9":"tag-entretenimento","10":"tag-music","11":"tag-musica","12":"tag-portugal","13":"tag-pt"},"share_on_mastodon":{"url":"https:\/\/pubeurope.com\/@pt\/115890310628523920","error":""},"_links":{"self":[{"href":"https:\/\/www.europesays.com\/pt\/wp-json\/wp\/v2\/posts\/227393","targetHints":{"allow":["GET"]}}],"collection":[{"href":"https:\/\/www.europesays.com\/pt\/wp-json\/wp\/v2\/posts"}],"about":[{"href":"https:\/\/www.europesays.com\/pt\/wp-json\/wp\/v2\/types\/post"}],"author":[{"embeddable":true,"href":"https:\/\/www.europesays.com\/pt\/wp-json\/wp\/v2\/users\/2"}],"replies":[{"embeddable":true,"href":"https:\/\/www.europesays.com\/pt\/wp-json\/wp\/v2\/comments?post=227393"}],"version-history":[{"count":0,"href":"https:\/\/www.europesays.com\/pt\/wp-json\/wp\/v2\/posts\/227393\/revisions"}],"wp:featuredmedia":[{"embeddable":true,"href":"https:\/\/www.europesays.com\/pt\/wp-json\/wp\/v2\/media\/227394"}],"wp:attachment":[{"href":"https:\/\/www.europesays.com\/pt\/wp-json\/wp\/v2\/media?parent=227393"}],"wp:term":[{"taxonomy":"category","embeddable":true,"href":"https:\/\/www.europesays.com\/pt\/wp-json\/wp\/v2\/categories?post=227393"},{"taxonomy":"post_tag","embeddable":true,"href":"https:\/\/www.europesays.com\/pt\/wp-json\/wp\/v2\/tags?post=227393"}],"curies":[{"name":"wp","href":"https:\/\/api.w.org\/{rel}","templated":true}]}}