{"id":227395,"date":"2026-01-13T23:09:20","date_gmt":"2026-01-13T23:09:20","guid":{"rendered":"https:\/\/www.europesays.com\/pt\/227395\/"},"modified":"2026-01-13T23:09:20","modified_gmt":"2026-01-13T23:09:20","slug":"doomsday-vaza-retorno-epico-do-homem-de-ferro","status":"publish","type":"post","link":"https:\/\/www.europesays.com\/pt\/227395\/","title":{"rendered":"Doomsday \u2013 Vaza retorno \u00e9pico do Homem de Ferro"},"content":{"rendered":"<p>A cada dia que passa, fica mais claro que <a href=\"https:\/\/legadodamarvel.com.br\/filme\/vingadores-doutor-destino\/\" rel=\"nofollow noopener\" target=\"_blank\">Vingadores: Doomsday<\/a> ter\u00e1 o retorno de todos os maiores her\u00f3is da Marvel, ent\u00e3o n\u00e3o por que o <strong>Homem de Ferro<\/strong>?<\/p>\n<p>Sim, j\u00e1 sabemos que o <a href=\"https:\/\/legadodamarvel.com.br\/tag\/robert-downey-jr\" rel=\"nofollow noopener\" target=\"_blank\">Robert Downey Jr.<\/a> estar\u00e1 no filme. No entanto, o ator foi confirmado como o vil\u00e3o Doutor Destino, uma escolha que ser\u00e1 poss\u00edvel gra\u00e7as ao multiverso.<\/p>\n<p>E j\u00e1 que estamos falando de multiverso, parece que este elemento proporcionar\u00e1 uma chance de vermos o Robert Downey Jr. como Tony Stark mais uma vez.<\/p>\n<p>Vingadores: Doomsday deve marcar retorno do Homem de Ferro!<\/p>\n<p>Segundo o insider <a href=\"https:\/\/x.com\/JamesMackwl\/status\/2010373717977694645\" rel=\"nofollow\">James Mack<\/a>, que vem vazando diversas informa\u00e7\u00f5es a respeito dos filmes da Marvel, o novo filme dos Vingadores contar\u00e1 com a participa\u00e7\u00e3o de uma variante do Homem de Ferro.<\/p>\n<p>E sim, ela ser\u00e1 interpretada por Robert Downey Jr., para a alegria dos f\u00e3s. No entanto, ela ser\u00e1 uma variante de outro universo. Ou seja, isso n\u00e3o significa que ir\u00e3o ressuscitar o her\u00f3i ap\u00f3s o seu fim tr\u00e1gico em Vingadores: Ultimato.<\/p>\n<p>Al\u00e9m disso, tamb\u00e9m n\u00e3o sabemos qual ser\u00e1 o tamanho da participa\u00e7\u00e3o do personagem. Pode ser apenas uma r\u00e1pida apari\u00e7\u00e3o ou ent\u00e3o um papel de maior destaque.<\/p>\n<p>J\u00e1 pensou se em Vingadores: Doomsday temos uma luta do Homem de Ferro contra o Doutor Destino? Robert Downey Jr. conta ele mesmo? Teremos que aguardar os pr\u00f3ximos vazamentos e informa\u00e7\u00f5es. De qualquer forma, o novo filme da equipe promete ser \u00e9pico!<\/p>\n<p><strong>LEIA TAMB\u00c9M:<\/strong><\/p>\n<p>O que acharam deste retorno? Animados ou acham que a Marvel j\u00e1 est\u00e1 apelando demais? Deixe a sua opini\u00e3o nos coment\u00e1rios e, por fim, continue acompanhando o\u00a0<strong>Legado da Marvel\u00a0<\/strong>para n\u00e3o perder nenhuma novidade!<\/p>\n","protected":false},"excerpt":{"rendered":"A cada dia que passa, fica mais claro que Vingadores: Doomsday ter\u00e1 o retorno de todos os maiores&hellip;\n","protected":false},"author":2,"featured_media":227396,"comment_status":"","ping_status":"","sticky":false,"template":"","format":"standard","meta":{"footnotes":""},"categories":[140],"tags":[114,115,147,148,9473,146,32,33,38893],"class_list":{"0":"post-227395","1":"post","2":"type-post","3":"status-publish","4":"format-standard","5":"has-post-thumbnail","7":"category-filmes","8":"tag-entertainment","9":"tag-entretenimento","10":"tag-film","11":"tag-filmes","12":"tag-homem-de-ferro","13":"tag-movies","14":"tag-portugal","15":"tag-pt","16":"tag-vingadores-doutor-destino"},"share_on_mastodon":{"url":"https:\/\/pubeurope.com\/@pt\/115890314519787519","error":""},"_links":{"self":[{"href":"https:\/\/www.europesays.com\/pt\/wp-json\/wp\/v2\/posts\/227395","targetHints":{"allow":["GET"]}}],"collection":[{"href":"https:\/\/www.europesays.com\/pt\/wp-json\/wp\/v2\/posts"}],"about":[{"href":"https:\/\/www.europesays.com\/pt\/wp-json\/wp\/v2\/types\/post"}],"author":[{"embeddable":true,"href":"https:\/\/www.europesays.com\/pt\/wp-json\/wp\/v2\/users\/2"}],"replies":[{"embeddable":true,"href":"https:\/\/www.europesays.com\/pt\/wp-json\/wp\/v2\/comments?post=227395"}],"version-history":[{"count":0,"href":"https:\/\/www.europesays.com\/pt\/wp-json\/wp\/v2\/posts\/227395\/revisions"}],"wp:featuredmedia":[{"embeddable":true,"href":"https:\/\/www.europesays.com\/pt\/wp-json\/wp\/v2\/media\/227396"}],"wp:attachment":[{"href":"https:\/\/www.europesays.com\/pt\/wp-json\/wp\/v2\/media?parent=227395"}],"wp:term":[{"taxonomy":"category","embeddable":true,"href":"https:\/\/www.europesays.com\/pt\/wp-json\/wp\/v2\/categories?post=227395"},{"taxonomy":"post_tag","embeddable":true,"href":"https:\/\/www.europesays.com\/pt\/wp-json\/wp\/v2\/tags?post=227395"}],"curies":[{"name":"wp","href":"https:\/\/api.w.org\/{rel}","templated":true}]}}