{"id":227421,"date":"2026-01-13T23:34:08","date_gmt":"2026-01-13T23:34:08","guid":{"rendered":"https:\/\/www.europesays.com\/pt\/227421\/"},"modified":"2026-01-13T23:34:08","modified_gmt":"2026-01-13T23:34:08","slug":"seis-procuradores-renunciam-por-pressoes-para-investigar-viuva-de-renee","status":"publish","type":"post","link":"https:\/\/www.europesays.com\/pt\/227421\/","title":{"rendered":"Seis procuradores renunciam por press\u00f5es para investigar vi\u00fava de Renee"},"content":{"rendered":"<p>Seis procuradores federais do Minnesota renunciaram aos seus cargos por causa da press\u00e3o do Departamento de Justi\u00e7a dos Estados Unidos para investigar a vi\u00fava de Renee Nicole Good, a mulher morta em Minneapolis na quarta-feira por um agente do ICE.<\/p>\n<p>Entre os procuradores que se demitiram est\u00e1 Joseph H. Thompson, de 47 anos, que se tornou popular depois de ter investigado um caso relacionado com fraudes no Minnesota, o que abalou o cen\u00e1rio pol\u00edtico da regi\u00e3o.<\/p>\n<p>Segundo o The New York Times, altos funcion\u00e1rios do Departamento de Justi\u00e7a fizeram press\u00e3o por uma investiga\u00e7\u00e3o criminal sobre as a\u00e7\u00f5es da vi\u00fava de Renee Nicole Good, que surge no v\u00eddeo gravado pelo pr\u00f3prio agente do ICE, Jonathan Ross.<\/p>\n<p>Thompson, de 47 anos, um\u00a0procurador de carreira, op\u00f4s-se a essa abordagem, bem como \u00e0 recusa do Departamento de Justi\u00e7a em incluir autoridades estaduais na investiga\u00e7\u00e3o sobre a legalidade do pr\u00f3prio tiroteio.<\/p>\n<p>Outros procuradores de carreira experientes, Harry Jacobs, Melinda Williams e Thomas Calhoun-Lopez tamb\u00e9m renunciaram ao cargo esta ter\u00e7a-feira. Jacobs era o adjunto de Thompson na supervis\u00e3o da investiga\u00e7\u00e3o de fraude, que come\u00e7ou em 2022. Nenhum deles quis comentar os motivos da sua ren\u00fancia.<\/p>\n<p>As demiss\u00f5es desta ter\u00e7a-feira surgem ap\u00f3s dias tumultuosos no gabinete do procurador dos EUA em Minnesota, enquanto os procuradores tentavam controlar a indigna\u00e7\u00e3o que se gerou ap\u00f3s a morte de de Renee Nicole Good, que desencadeou protestos naquele estado e em todo o pa\u00eds.<\/p>\n<p>                                                    ONU pede investiga\u00e7\u00e3o \u00e0 morte de mulher por agente de imigra\u00e7\u00e3o em Minneapolis<\/p>\n<p>A ONU <a href=\"https:\/\/www.noticiasaominuto.com\/mundo\/2918491\/onu-pede-investigacao-a-morte-de-mulher-por-agente-do-ice-em-minneapolis\" target=\"_blank\" rel=\"noopener nofollow\">exigiu hoje uma investiga\u00e7\u00e3o<\/a> &#8220;r\u00e1pida, independente e transparente&#8221; \u00e0 morte de Renee Nicole Good, morta a tiro por um agente do servi\u00e7o de imigra\u00e7\u00e3o, em Minneapolis, nos Estados Unidos, que desencadeou uma vaga de protestos.<\/p>\n<p>&#8220;O uso intencional de for\u00e7a letal s\u00f3 \u00e9 permitido como \u00faltimo recurso contra uma pessoa que represente uma amea\u00e7a iminente \u00e0 vida&#8221;, afirmou o porta-voz do Alto Comissariado das Na\u00e7\u00f5es Unidas para os Direitos Humanos, Jeremy Laurence, numa confer\u00eancia de imprensa em Genebra.<\/p>\n<p>Laurence disse que a ONU tomou conhecimento da investiga\u00e7\u00e3o em curso pela pol\u00edcia federal norte-americana (FBI), mas insistiu na necessidade de um inqu\u00e9rito independente e c\u00e9lere sobre a morte da mulher de 37 anos.<\/p>\n<p>A morte de Renee Nicole Good ocorreu h\u00e1 cinco dias e deu origem a protestos em Minneapolis e noutras cidades, incluindo Nova Iorque, Los Angeles e Boston.<\/p>\n<p>                                                    A\u00e7\u00e3o judicial contra Governo de Trump<\/p>\n<p>A cidade de Minneapolis e o estado do Minnesota anunciaram na segunda-feira que <a href=\"https:\/\/www.noticiasaominuto.com\/mundo\/2918235\/minnesota-e-illinois-processam-governo-trump-para-impedir-ice\" target=\"_blank\" rel=\"noopener nofollow\">avan\u00e7aram com uma a\u00e7\u00e3o judicial<\/a> contra o Governo do Presidente norte-americano, Donald Trump, devido \u00e0s opera\u00e7\u00f5es em grande escala conduzidas pela imigra\u00e7\u00e3o federal nas \u00faltimas semanas.<\/p>\n<p>Renee Good foi morta a tiro dentro do carro durante uma dessas opera\u00e7\u00f5es, quando participava numa a\u00e7\u00e3o destinada a interromper uma interven\u00e7\u00e3o de agentes federais.<\/p>\n<p>As autoridades federais mobilizaram cerca de dois mil agentes no in\u00edcio da semana para realizar uma s\u00e9rie de deten\u00e7\u00f5es na cidade.<\/p>\n<p>Ap\u00f3s o incidente, Trump defendeu de imediato a vers\u00e3o de leg\u00edtima defesa apresentada pelo agente do ICE envolvido no disparo.<\/p>\n<p>Essa vers\u00e3o tem sido fortemente contestada por respons\u00e1veis democratas locais, que afirmaram dispor de imagens de v\u00eddeo que contradizem a narrativa oficial.<\/p>\n<p>O estado do Illinois, tamb\u00e9m governado por democratas e alvo de opera\u00e7\u00f5es federais de imigra\u00e7\u00e3o, nomeadamente em Chicago, anunciou igualmente, na segunda-feira, que vai avan\u00e7ar com um processo judicial semelhante contra o Governo de Trump.<\/p>\n<p>                                                    <img decoding=\"async\" height=\"640\" with=\"360\" src=\"https:\/\/www.europesays.com\/pt\/wp-content\/uploads\/2026\/01\/naom_6962d907226bd.jpg\" border=\"0\" alt=\"Milhares saem \u00e0 rua contra o ICE e a pol\u00edtica migrat\u00f3ria nos EUA\"\/><\/p>\n<p>Milhares de pessoas marcharam hoje nas ruas das principais cidades dos Estados Unidos contra a pol\u00edtica migrat\u00f3ria da administra\u00e7\u00e3o Trump, depois de uma norte-americana ter sido morta por um agente do Servi\u00e7o de Imigra\u00e7\u00e3o (ICE).<\/p>\n<p>                                                     Lusa | 22:58 &#8211; 10\/01\/2026 <\/p>\n","protected":false},"excerpt":{"rendered":"Seis procuradores federais do Minnesota renunciaram aos seus cargos por causa da press\u00e3o do Departamento de Justi\u00e7a dos&hellip;\n","protected":false},"author":2,"featured_media":227422,"comment_status":"","ping_status":"","sticky":false,"template":"","format":"standard","meta":{"footnotes":""},"categories":[50],"tags":[27,28,15,16,14,25,26,21,22,62,12,13,19,20,23,24,17,18,29,30,31,63,64,65],"class_list":{"0":"post-227421","1":"post","2":"type-post","3":"status-publish","4":"format-standard","5":"has-post-thumbnail","7":"category-mundo","8":"tag-breaking-news","9":"tag-breakingnews","10":"tag-featured-news","11":"tag-featurednews","12":"tag-headlines","13":"tag-latest-news","14":"tag-latestnews","15":"tag-main-news","16":"tag-mainnews","17":"tag-mundo","18":"tag-news","19":"tag-noticias","20":"tag-noticias-principais","21":"tag-noticiasprincipais","22":"tag-principais-noticias","23":"tag-principaisnoticias","24":"tag-top-stories","25":"tag-topstories","26":"tag-ultimas","27":"tag-ultimas-noticias","28":"tag-ultimasnoticias","29":"tag-world","30":"tag-world-news","31":"tag-worldnews"},"share_on_mastodon":{"url":"https:\/\/pubeurope.com\/@pt\/115890412820515101","error":""},"_links":{"self":[{"href":"https:\/\/www.europesays.com\/pt\/wp-json\/wp\/v2\/posts\/227421","targetHints":{"allow":["GET"]}}],"collection":[{"href":"https:\/\/www.europesays.com\/pt\/wp-json\/wp\/v2\/posts"}],"about":[{"href":"https:\/\/www.europesays.com\/pt\/wp-json\/wp\/v2\/types\/post"}],"author":[{"embeddable":true,"href":"https:\/\/www.europesays.com\/pt\/wp-json\/wp\/v2\/users\/2"}],"replies":[{"embeddable":true,"href":"https:\/\/www.europesays.com\/pt\/wp-json\/wp\/v2\/comments?post=227421"}],"version-history":[{"count":0,"href":"https:\/\/www.europesays.com\/pt\/wp-json\/wp\/v2\/posts\/227421\/revisions"}],"wp:featuredmedia":[{"embeddable":true,"href":"https:\/\/www.europesays.com\/pt\/wp-json\/wp\/v2\/media\/227422"}],"wp:attachment":[{"href":"https:\/\/www.europesays.com\/pt\/wp-json\/wp\/v2\/media?parent=227421"}],"wp:term":[{"taxonomy":"category","embeddable":true,"href":"https:\/\/www.europesays.com\/pt\/wp-json\/wp\/v2\/categories?post=227421"},{"taxonomy":"post_tag","embeddable":true,"href":"https:\/\/www.europesays.com\/pt\/wp-json\/wp\/v2\/tags?post=227421"}],"curies":[{"name":"wp","href":"https:\/\/api.w.org\/{rel}","templated":true}]}}