{"id":227423,"date":"2026-01-13T23:35:17","date_gmt":"2026-01-13T23:35:17","guid":{"rendered":"https:\/\/www.europesays.com\/pt\/227423\/"},"modified":"2026-01-13T23:35:17","modified_gmt":"2026-01-13T23:35:17","slug":"padre-guilherme-atuou-em-beirute-para-discoteca-cheia-e-polemica-acesa","status":"publish","type":"post","link":"https:\/\/www.europesays.com\/pt\/227423\/","title":{"rendered":"Padre Guilherme atuou em Beirute para discoteca cheia (e pol\u00e9mica acesa)"},"content":{"rendered":"<p>O Padre Guilherme atuou numa discoteca lotada em Beirute, no L\u00edbano, no passada s\u00e1bado, dia 10 de janeiro. No entanto, esta atua\u00e7\u00e3o desencadeou uma onda de cr\u00edticas, tendo sido apresentada uma queixa por parte de um grupo de crist\u00e3os deste pa\u00eds, incluindo membros da Igreja Cat\u00f3lica.\u00a0<\/p>\n<p>O DJ Padre Guilherme \u00e9 uma sensa\u00e7\u00e3o em Portugal, mas tamb\u00e9m al\u00e9m fronteiras. Desta vez, o cat\u00f3lico Guilherme Peixoto voou at\u00e9 Beirute para mais uma apresenta\u00e7\u00e3o.<\/p>\n<p>Ao som de m\u00fasica eletr\u00f3nica, a apresenta\u00e7\u00e3o atraiu cerca de duas mil pessoas. No entanto, houve quem quisesse que o Padre Guilherme atuasse, tendo, inclusive, tentado que o espet\u00e1culo fosse cancelado.<\/p>\n<p>De acordo com a ag\u00eancia Reuters, esta foi a primeira vez que o Padre Guilherme, que tem mais de 2,6 milh\u00f5es de seguidores nas redes sociais, enfrentou uma oposi\u00e7\u00e3o t\u00e3o grande por parte de crist\u00e3os.\u00a0<\/p>\n<p>&#8220;Se algu\u00e9m n\u00e3o se sente confort\u00e1vel com o que estou a fazer, que reze por mim. N\u00e3o posso fazer mais nada a este respeito. Vivemos num mundo livre e ele precisa de ser livre&#8221;, disse, em declara\u00e7\u00f5es \u00e0 ag\u00eancia de not\u00edcias, a prop\u00f3sito das cr\u00edticas.<\/p>\n<blockquote class=\"instagram-media\" style=\"background: #FFF; border: 0; border-radius: 3px; box-shadow: 0 0 1px 0 rgba(0,0,0,0.5),0 1px 10px 0 rgba(0,0,0,0.15); margin: 1px; max-width: 540px; min-width: 326px; padding: 0; width: calc(100% - 2px);\" data-instgrm-captioned=\"\" data-instgrm-permalink=\"https:\/\/www.instagram.com\/reel\/DTapUl3DH_1\/?utm_source=ig_embed&amp;utm_campaign=loading\" data-instgrm-version=\"14\"><p>&#13;<br \/>\n                                                    &#13;\n                                                    <\/p><\/blockquote>\n<p>                                                    O que aconteceu?<\/p>\n<p>No centro da pol\u00e9mica, esteve uma queixa apresentada por um pequeno, mas influente grupo de crist\u00e3os libaneses. Este grupo ter\u00e1 pedido o cancelamento do evento, tendo alegado que o Padre Guilherme distorcia imagens e s\u00edmbolos do cristianismo, assim como os limites morais da Igreja Cat\u00f3lica.<\/p>\n<p>Apesar de Beirute ser visto como uma cidade com cultura de m\u00fasica el\u00e9tronica e at\u00e9 uma das cidades mais liberais a n\u00edvel cultural, os l\u00edderes religiosos e pol\u00edticos t\u00eam conseguido censurar filmes, pe\u00e7as de teatro e espet\u00e1culos que consideram ofensivos.\u00a0<\/p>\n<p>No entanto, a queixa acabou por ser rejeitada por um juiz, o que permitiu que o espet\u00e1culo fosse para frente. O Padre Guilherme apresentou-se com uma camisola onde surgiam p\u00e3es e peixes estampados, uma refer\u00eancia a um milagre b\u00edblico.\u00a0<\/p>\n<p>&#8220;Nem todos precisam de gostar daquilo que fa\u00e7o, mas precisam de respeitar&#8221;, disse, notando que, se um dia regressar ao L\u00edbano, espera poder explicar a sua m\u00fasica aos cr\u00edticos.<\/p>\n<p>                                                    Padre Guilherme teve apoio de Francisco (e agora de Le\u00e3o XIV)<\/p>\n<p>De notar que o Padre Guilherme tem j\u00e1 uma carreira de mais de dez anos em Portugal. O seu trabalho como DJ come\u00e7ou para conseguir arrecadar fundos para pagar d\u00edvidas da par\u00f3quia e, desde ent\u00e3o, tem vindo a percorrer o mundo com diversos espet\u00e1culos.<\/p>\n<p>Recorde-se que, por exemplo, o Papa Francisco aben\u00e7oou os fones do Padre Guilherme. J\u00e1 numa apresenta\u00e7\u00e3o recente, na Eslov\u00e1quia, o padre incluiu uma mensagem especial do Papa Le\u00e3o XIV no seu set. Desta forma, as cr\u00edticas e a queixa que surgiram no L\u00edbano pareceu inconsistente, uma vez que o DJ recebeu o apoio de v\u00e1rios l\u00edderes da Igreja Cat\u00f3lica.<\/p>\n<p>&#8220;N\u00e3o percebo porque \u00e9 que os padres est\u00e3o descontentes com esta ideia, no L\u00edbano. Dois Papas n\u00e3o tiveram problemas&#8221;, referiu um jovem de 19 anos, que esteve presente numa missa que o padre Guilherme fez horas antes do seu espet\u00e1culo.\u00a0<\/p>\n<p>J\u00e1 uma mulher, de 36 anos, que esteve na discoteca, afirmou que a imagem de uma pomba, que foi projetada durante o espet\u00e1culo, a recordou da visita do Papa Le\u00e3o XIV ao L\u00edbano, em dezembro.\u00a0<\/p>\n<p>&#8220;Sentimos que era uma continuidade e uma mensagem para n\u00f3s. A religi\u00e3o \u00e9 uma mensagem de amor, de abertura&#8221;, disse.<\/p>\n<p>De salientar que o L\u00edbano vive momentos de grande tens\u00e3o com ataques quase di\u00e1rios por parte de Israel e h\u00e1 um medo crescente de que haja uma escala maior do conflito. Assim, o Padre Guilherme sublinhou: &#8220;Precisamos de viver em fam\u00edlia. Claro que com religi\u00f5es diferentes ou at\u00e9 mesmo sem religi\u00e3o. Esta \u00e9 a nossa casa. Se mora no L\u00edbano, o L\u00edbano \u00e9 a tua casa&#8221;.<\/p>\n<p>                                                    <img decoding=\"async\" height=\"640\" with=\"360\" src=\"https:\/\/www.europesays.com\/pt\/wp-content\/uploads\/2026\/01\/naom_66bcca38cbc68.jpg\" border=\"0\" alt=\"Padre Guilherme \u00e9 destaque na imprensa l\u00e1 fora (e at\u00e9 Sharon Stone adora)\"\/><\/p>\n<p>No \u00faltimo m\u00eas, um v\u00eddeo do Padre Guilherme na Eslov\u00e1quia, onde levou uma mensagem do Papa Le\u00e3o, tornou-se viral. Depois disso, fez muito sucesso tamb\u00e9m no M\u00e9xico. Agora, o padre portugu\u00eas \u00e9 destaque na imprensa internacional.<\/p>\n<p>                                                     Not\u00edcias ao Minuto | 18:03 &#8211; 18\/12\/2025 <\/p>\n<p>                                            <script async src=\"\/\/www.instagram.com\/embed.js\"><\/script><\/p>\n","protected":false},"excerpt":{"rendered":"O Padre Guilherme atuou numa discoteca lotada em Beirute, no L\u00edbano, no passada s\u00e1bado, dia 10 de janeiro.&hellip;\n","protected":false},"author":2,"featured_media":227424,"comment_status":"","ping_status":"","sticky":false,"template":"","format":"standard","meta":{"footnotes":""},"categories":[10],"tags":[27,28,15,16,14,25,26,21,22,12,13,19,20,32,23,24,33,17,18,29,30,31],"class_list":{"0":"post-227423","1":"post","2":"type-post","3":"status-publish","4":"format-standard","5":"has-post-thumbnail","7":"category-portugal","8":"tag-breaking-news","9":"tag-breakingnews","10":"tag-featured-news","11":"tag-featurednews","12":"tag-headlines","13":"tag-latest-news","14":"tag-latestnews","15":"tag-main-news","16":"tag-mainnews","17":"tag-news","18":"tag-noticias","19":"tag-noticias-principais","20":"tag-noticiasprincipais","21":"tag-portugal","22":"tag-principais-noticias","23":"tag-principaisnoticias","24":"tag-pt","25":"tag-top-stories","26":"tag-topstories","27":"tag-ultimas","28":"tag-ultimas-noticias","29":"tag-ultimasnoticias"},"share_on_mastodon":{"url":"https:\/\/pubeurope.com\/@pt\/115890417038008113","error":""},"_links":{"self":[{"href":"https:\/\/www.europesays.com\/pt\/wp-json\/wp\/v2\/posts\/227423","targetHints":{"allow":["GET"]}}],"collection":[{"href":"https:\/\/www.europesays.com\/pt\/wp-json\/wp\/v2\/posts"}],"about":[{"href":"https:\/\/www.europesays.com\/pt\/wp-json\/wp\/v2\/types\/post"}],"author":[{"embeddable":true,"href":"https:\/\/www.europesays.com\/pt\/wp-json\/wp\/v2\/users\/2"}],"replies":[{"embeddable":true,"href":"https:\/\/www.europesays.com\/pt\/wp-json\/wp\/v2\/comments?post=227423"}],"version-history":[{"count":0,"href":"https:\/\/www.europesays.com\/pt\/wp-json\/wp\/v2\/posts\/227423\/revisions"}],"wp:featuredmedia":[{"embeddable":true,"href":"https:\/\/www.europesays.com\/pt\/wp-json\/wp\/v2\/media\/227424"}],"wp:attachment":[{"href":"https:\/\/www.europesays.com\/pt\/wp-json\/wp\/v2\/media?parent=227423"}],"wp:term":[{"taxonomy":"category","embeddable":true,"href":"https:\/\/www.europesays.com\/pt\/wp-json\/wp\/v2\/categories?post=227423"},{"taxonomy":"post_tag","embeddable":true,"href":"https:\/\/www.europesays.com\/pt\/wp-json\/wp\/v2\/tags?post=227423"}],"curies":[{"name":"wp","href":"https:\/\/api.w.org\/{rel}","templated":true}]}}