{"id":227427,"date":"2026-01-13T23:37:08","date_gmt":"2026-01-13T23:37:08","guid":{"rendered":"https:\/\/www.europesays.com\/pt\/227427\/"},"modified":"2026-01-13T23:37:08","modified_gmt":"2026-01-13T23:37:08","slug":"bbb26-ricardinho-aperta-o-botao-e-desiste-do-quarto-branco-quero-meu-celular","status":"publish","type":"post","link":"https:\/\/www.europesays.com\/pt\/227427\/","title":{"rendered":"BBB26: Ricardinho aperta o bot\u00e3o e desiste do Quarto Branco: &#8216;Quero meu celular&#8217;"},"content":{"rendered":"<p>\n                        PRIMEIRO ELIMINADO! Ricardinho aperta o bot\u00e3o e \u00e9 o primeiro a deixar o Quarto Branco; veja\n                    <\/p>\n<ul class=\"article__header__author\">\n<li class=\"article__header__author__item\">\n                                                Por:<br \/>\n                                                                                    Laura Vicaria \/ Mais Novela\n                                                                        <\/li>\n<\/ul>\n<p class=\"text\">O participante <strong>Ricardinho<\/strong>, da Casa de Vidro do Norte, desistiu de seguir na disputa por uma vaga no Big Brother Brasil 26 ap\u00f3s permanecer pouco mais de 12 horas confinado no Quarto Branco. A sa\u00edda ocorreu quando ele acionou o bot\u00e3o instalado no centro do quarto, gesto que surpreendeu os demais candidatos que participavam da din\u00e2mica.<\/p>\n<p><img loading=\"lazy\" decoding=\"async\" alt=\"\" class=\"img-da2b3be2d0776161fdc49c6c9b088da797ntruin\" height=\"435\" src=\"https:\/\/www.europesays.com\/pt\/wp-content\/uploads\/2026\/01\/549396479-bbb26-ricardinho-aperta-o-botao-e-desiste-do-quarto-branco.jpg\"  title=\"Mais Novela\" width=\"774\"\/><\/p>\n<p>\nFoto: Mais Novela\n<\/p>\n<p class=\"text\">Ao anunciar a decis\u00e3o, Ricardinho se emocionou. &#8220;Muita saudade de voc\u00ea, amor, quero meu celular logo&#8221;, disse, antes de pedir \u00e0 produ\u00e7\u00e3o que liberasse sua sa\u00edda. O participante chorou, cumprimentou os outros confinados e trocou abra\u00e7os, desejando sorte aos concorrentes que permaneceram na disputa.<\/p>\n<p class=\"text\">Desde o in\u00edcio da din\u00e2mica, <strong>Ricardinho<\/strong> chamou aten\u00e7\u00e3o pelo comportamento reservado. Na noite anterior, permaneceu grande parte do tempo isolado em um canto do quarto. Questionado pelos demais sobre o sil\u00eancio, respondeu com uma reflex\u00e3o sobre excesso e contraste, afirmando que extremos acabam se chocando e &#8220;\u00e9 o contraste que mata&#8221;.<\/p>\n<p class=\"text\">Na manh\u00e3 seguinte, por\u00e9m, o clima no Quarto de Vidro se intensificou. Enquanto os outros candidatos tentavam dormir, o brother passou a fazer barulho, batendo na porta e na ma\u00e7aneta do confinamento. <strong>Elisa<\/strong> tentou pedir que ele respeitasse o descanso do grupo, mas n\u00e3o obteve resposta. Matheus avaliou a atitude como parte de uma estrat\u00e9gia, classificando o comportamento do colega como &#8220;frio e calculista&#8221;.<\/p>\n<p class=\"text\">A tens\u00e3o aumentou quando <strong>Ricardinho<\/strong> come\u00e7ou a abrir todas as latas de \u00e1gua armazenadas no cooler do quarto. Diante da a\u00e7\u00e3o, os demais participantes correram para tentar salvar algumas unidades ainda fechadas, enquanto parte do conte\u00fado acabou sendo derramada no ch\u00e3o. Provocada pela situa\u00e7\u00e3o, <strong>Chaiany<\/strong> reagiu de forma exaltada, prometendo se vingar e afirmando que n\u00e3o pretende desistir da disputa.<\/p>\n<p class=\"text\">Pouco depois do epis\u00f3dio, <strong>Ricardinho<\/strong> optou por deixar oficialmente a din\u00e2mica, encerrando sua participa\u00e7\u00e3o na Casa de Vidro e abrindo espa\u00e7o para a continuidade do jogo entre os demais candidatos.<\/p>\n","protected":false},"excerpt":{"rendered":"PRIMEIRO ELIMINADO! Ricardinho aperta o bot\u00e3o e \u00e9 o primeiro a deixar o Quarto Branco; veja Por: Laura&hellip;\n","protected":false},"author":2,"featured_media":227428,"comment_status":"","ping_status":"","sticky":false,"template":"","format":"standard","meta":{"footnotes":""},"categories":[145],"tags":[211,210,114,115,32,33],"class_list":{"0":"post-227427","1":"post","2":"type-post","3":"status-publish","4":"format-standard","5":"has-post-thumbnail","7":"category-celebridades","8":"tag-celebridades","9":"tag-celebrities","10":"tag-entertainment","11":"tag-entretenimento","12":"tag-portugal","13":"tag-pt"},"share_on_mastodon":{"url":"https:\/\/pubeurope.com\/@pt\/115890424588419795","error":""},"_links":{"self":[{"href":"https:\/\/www.europesays.com\/pt\/wp-json\/wp\/v2\/posts\/227427","targetHints":{"allow":["GET"]}}],"collection":[{"href":"https:\/\/www.europesays.com\/pt\/wp-json\/wp\/v2\/posts"}],"about":[{"href":"https:\/\/www.europesays.com\/pt\/wp-json\/wp\/v2\/types\/post"}],"author":[{"embeddable":true,"href":"https:\/\/www.europesays.com\/pt\/wp-json\/wp\/v2\/users\/2"}],"replies":[{"embeddable":true,"href":"https:\/\/www.europesays.com\/pt\/wp-json\/wp\/v2\/comments?post=227427"}],"version-history":[{"count":0,"href":"https:\/\/www.europesays.com\/pt\/wp-json\/wp\/v2\/posts\/227427\/revisions"}],"wp:featuredmedia":[{"embeddable":true,"href":"https:\/\/www.europesays.com\/pt\/wp-json\/wp\/v2\/media\/227428"}],"wp:attachment":[{"href":"https:\/\/www.europesays.com\/pt\/wp-json\/wp\/v2\/media?parent=227427"}],"wp:term":[{"taxonomy":"category","embeddable":true,"href":"https:\/\/www.europesays.com\/pt\/wp-json\/wp\/v2\/categories?post=227427"},{"taxonomy":"post_tag","embeddable":true,"href":"https:\/\/www.europesays.com\/pt\/wp-json\/wp\/v2\/tags?post=227427"}],"curies":[{"name":"wp","href":"https:\/\/api.w.org\/{rel}","templated":true}]}}