{"id":227453,"date":"2026-01-13T23:56:33","date_gmt":"2026-01-13T23:56:33","guid":{"rendered":"https:\/\/www.europesays.com\/pt\/227453\/"},"modified":"2026-01-13T23:56:33","modified_gmt":"2026-01-13T23:56:33","slug":"estreia-de-sadie-sink-na-marvel-e-a-maior-desde-tom-holland","status":"publish","type":"post","link":"https:\/\/www.europesays.com\/pt\/227453\/","title":{"rendered":"Estreia de Sadie Sink na Marvel \u00e9 a maior desde Tom Holland"},"content":{"rendered":"<p><a href=\"https:\/\/tangerina.uol.com.br\/filmes-series\/homem-aranha-volta-aos-cinemas-numeros-bilionarios\/\" target=\"_blank\" rel=\"noreferrer noopener nofollow\">Homem-Aranha: Um Novo Dia<\/a> pode marcar uma das viradas mais profundas da hist\u00f3ria do <a href=\"https:\/\/tangerina.uol.com.br\/filmes-series\/ordem-cronologica-marvel\/\" target=\"_blank\" rel=\"noreferrer noopener nofollow\">MCU (Universo Cinematogr\u00e1fico da Marvel)<\/a>. A estreia de Sadie Sink no filme n\u00e3o chama aten\u00e7\u00e3o apenas pelo nome da atriz de Stranger Things, mas pelo que sua personagem pode representar para o futuro do est\u00fadio nos cinemas.<\/p>\n<p>A aposta mais forte \u00e9 que Sadie Sink interprete Jean Grey, personagem central dos X-Men. Caso isso se confirme, o longa do Homem-Aranha deixaria de ser apenas mais um cap\u00edtulo da franquia para se tornar o ponto de entrada definitivo dos mutantes no universo compartilhado.<\/p>\n<p>A Marvel mant\u00e9m absoluto sigilo sobre o papel da atriz, mas os sinais indicam algo muito maior do que uma coadjuvante pontual. Sadie Sink chega ao MCU logo ap\u00f3s o fim de <a href=\"https:\/\/www.netflix.com\/watch\/80057281?source=35\" target=\"_blank\" rel=\"noreferrer noopener nofollow\">Stranger Things<\/a>, consolidada como uma das atrizes jovens mais populares da atualidade, perfil semelhante ao de Tom Holland quando foi apresentado como Peter Parker em 2016.<\/p>\n<p><img alt=\"Sadie Sink em cena de Stranger Things 5; atriz deve ser importante em Homem-Aranha 4\" src=\"data:image\/gif;base64,R0lGODlhAQABAIAAAAAAAP\/\/\/yH5BAEAAAAALAAAAAABAAEAAAIBRAA7\" decoding=\"async\" style=\"position:absolute;top:0;left:0;bottom:0;right:0;box-sizing:border-box;padding:0;border:none;margin:auto;display:block;width:0;height:0;min-width:100%;max-width:100%;min-height:100%;max-height:100%\"\/><\/p>\n<p font-weight=\"500\" font-size=\"14px\" class=\"style__Typo-sc-1e1gvva-0 ezCJRb\">Sadie Sink em cena de Stranger Things 5<\/p>\n<p font-weight=\"300\" font-size=\"14px\" class=\"style__Typo-sc-1e1gvva-0 fvAQOT\">(Foto: Divulga\u00e7\u00e3o\/Netflix)<\/p>\n<p>X-Men na Marvel<\/p>\n<p>A introdu\u00e7\u00e3o do Homem-Aranha mudou o MCU de forma permanente, reposicionando a franquia para uma nova gera\u00e7\u00e3o e abrindo caminho para eventos cada vez mais ambiciosos. Agora, a poss\u00edvel chegada dos X-Men carrega um impacto compar\u00e1vel, talvez ainda maior, por envolver personagens que sempre foram tratados como pe\u00e7a-chave da Marvel fora do cinema.<\/p>\n<p>Jean Grey \u00e9 uma figura central nesse processo. A personagem est\u00e1 ligada a algumas das hist\u00f3rias mais importantes dos X-Men e representa uma ponte direta para conflitos, equipes e narrativas que podem redefinir o MCU na pr\u00f3xima d\u00e9cada. Colocar essa introdu\u00e7\u00e3o em um filme do Homem-Aranha amplia ainda mais o alcance do movimento.<\/p>\n<p>A Marvel j\u00e1 mostrou que usa projetos estrat\u00e9gicos para redefinir seu universo. <a href=\"https:\/\/www.disneyplus.com\/play\/2fe7e94e-8b24-4a75-8fc8-969c2a16959e?distributionPartner=google\" target=\"_blank\" rel=\"noreferrer noopener nofollow\">Capit\u00e3o Am\u00e9rica: Guerra Civil<\/a> fez isso ao apresentar o Homem-Aranha, enquanto Vingadores consolidou a ideia de crossover. Um Novo Dia pode cumprir papel semelhante ao unir o her\u00f3i mais popular do est\u00fadio \u00e0 chegada dos mutantes.<\/p>\n<p>Se a estreia de Sadie Sink realmente marcar a introdu\u00e7\u00e3o de Jean Grey e dos X-Men, o impacto tende a ser duradouro. Assim como Tom Holland redefiniu o MCU anos atr\u00e1s, o novo Homem-Aranha pode ser o palco de uma mudan\u00e7a ainda mais profunda no futuro da Marvel. <strong>Um Novo dia estreia em 30 de julho nos cinemas<\/strong>.<\/p>\n<p><img alt=\"Tom Holland nos bastidores de Homem-Aranha: Um Novo Dia, filme da Marvel com a Sony\" src=\"data:image\/gif;base64,R0lGODlhAQABAIAAAAAAAP\/\/\/yH5BAEAAAAALAAAAAABAAEAAAIBRAA7\" decoding=\"async\" style=\"position:absolute;top:0;left:0;bottom:0;right:0;box-sizing:border-box;padding:0;border:none;margin:auto;display:block;width:0;height:0;min-width:100%;max-width:100%;min-height:100%;max-height:100%\"\/><\/p>\n<p font-weight=\"500\" font-size=\"14px\" class=\"style__Typo-sc-1e1gvva-0 ezCJRb\">Tom Holland nos bastidores de Homem-Aranha: Um Novo Dia<\/p>\n<p font-weight=\"300\" font-size=\"14px\" class=\"style__Typo-sc-1e1gvva-0 fvAQOT\">(Foto: Divulga\u00e7\u00e3o\/Sony Pictures)<\/p>\n","protected":false},"excerpt":{"rendered":"Homem-Aranha: Um Novo Dia pode marcar uma das viradas mais profundas da hist\u00f3ria do MCU (Universo Cinematogr\u00e1fico da&hellip;\n","protected":false},"author":2,"featured_media":227454,"comment_status":"","ping_status":"","sticky":false,"template":"","format":"standard","meta":{"footnotes":""},"categories":[140],"tags":[114,115,147,148,5814,792,146,32,33,1611],"class_list":{"0":"post-227453","1":"post","2":"type-post","3":"status-publish","4":"format-standard","5":"has-post-thumbnail","7":"category-filmes","8":"tag-entertainment","9":"tag-entretenimento","10":"tag-film","11":"tag-filmes","12":"tag-homem-aranha","13":"tag-marvel","14":"tag-movies","15":"tag-portugal","16":"tag-pt","17":"tag-stranger-things"},"share_on_mastodon":{"url":"https:\/\/pubeurope.com\/@pt\/115890499347718777","error":""},"_links":{"self":[{"href":"https:\/\/www.europesays.com\/pt\/wp-json\/wp\/v2\/posts\/227453","targetHints":{"allow":["GET"]}}],"collection":[{"href":"https:\/\/www.europesays.com\/pt\/wp-json\/wp\/v2\/posts"}],"about":[{"href":"https:\/\/www.europesays.com\/pt\/wp-json\/wp\/v2\/types\/post"}],"author":[{"embeddable":true,"href":"https:\/\/www.europesays.com\/pt\/wp-json\/wp\/v2\/users\/2"}],"replies":[{"embeddable":true,"href":"https:\/\/www.europesays.com\/pt\/wp-json\/wp\/v2\/comments?post=227453"}],"version-history":[{"count":0,"href":"https:\/\/www.europesays.com\/pt\/wp-json\/wp\/v2\/posts\/227453\/revisions"}],"wp:featuredmedia":[{"embeddable":true,"href":"https:\/\/www.europesays.com\/pt\/wp-json\/wp\/v2\/media\/227454"}],"wp:attachment":[{"href":"https:\/\/www.europesays.com\/pt\/wp-json\/wp\/v2\/media?parent=227453"}],"wp:term":[{"taxonomy":"category","embeddable":true,"href":"https:\/\/www.europesays.com\/pt\/wp-json\/wp\/v2\/categories?post=227453"},{"taxonomy":"post_tag","embeddable":true,"href":"https:\/\/www.europesays.com\/pt\/wp-json\/wp\/v2\/tags?post=227453"}],"curies":[{"name":"wp","href":"https:\/\/api.w.org\/{rel}","templated":true}]}}