{"id":227457,"date":"2026-01-13T23:58:08","date_gmt":"2026-01-13T23:58:08","guid":{"rendered":"https:\/\/www.europesays.com\/pt\/227457\/"},"modified":"2026-01-13T23:58:08","modified_gmt":"2026-01-13T23:58:08","slug":"ministerio-da-saude-decide-nao-incorporar-vacina-herpes-zoster-ao-sus","status":"publish","type":"post","link":"https:\/\/www.europesays.com\/pt\/227457\/","title":{"rendered":"Minist\u00e9rio da Sa\u00fade decide n\u00e3o incorporar vacina herpes-z\u00f3ster ao SUS"},"content":{"rendered":"<p><strong>O Minist\u00e9rio da Sa\u00fade decidiu n\u00e3o incorporar a vacina para a preven\u00e7\u00e3o de herpes-z\u00f3ster ao Sistema \u00danico de Sa\u00fade (SUS)<\/strong>. A decis\u00e3o est\u00e1 em <a href=\"https:\/\/www.in.gov.br\/web\/dou\/-\/portaria-sctie\/ms-n-3-de-8-de-janeiro-de-2026-680389644\" target=\"_blank\" rel=\"nofollow noopener\">portaria<\/a> publicada no Di\u00e1rio Oficial da Uni\u00e3o (DOU).<img decoding=\"async\" src=\"https:\/\/www.europesays.com\/pt\/wp-content\/uploads\/2026\/01\/1768348688_477_ebc.png\" style=\"width:1px; height:1px; display:inline;\"\/><img decoding=\"async\" src=\"https:\/\/www.europesays.com\/pt\/wp-content\/uploads\/2026\/01\/1768348688_149_ebc.gif\" style=\"width:1px; height:1px; display:inline;\"\/><\/p>\n<p>De acordo com relat\u00f3rio divulgado pela Comiss\u00e3o Nacional de Incorpora\u00e7\u00e3o de Tecnologias no Sistema \u00danico de Sa\u00fade (Conitec), <a href=\"https:\/\/www.gov.br\/conitec\/pt-br\/midias\/consultas\/relatorios\/2025\/sociedade\/relatorio-para-sociedade-no-574_vacina-recombinante-adjuvada-_herpes-zoster-pdf.pdf\" target=\"_blank\" rel=\"nofollow noopener\">dispon\u00edvel online<\/a>, <strong>a vacina foi considerada cara diante do impacto que poderia ter em rela\u00e7\u00e3o ao combate a doen\u00e7a.<\/strong><\/p>\n<p>A vacina recombinante adjuvada para preven\u00e7\u00e3o do herpes-z\u00f3ster \u00e9 voltada para idosos com idade maior ou igual a 80 anos e indiv\u00edduos imunocomprometidos com idade maior ou igual a 18 anos.<\/p>\n<blockquote>\n<p>\u201cO Comit\u00ea de Medicamentos reconheceu a import\u00e2ncia da vacina para a preven\u00e7\u00e3o do herpes-z\u00f3ster, mas destacou que considera\u00e7\u00f5es adicionais sobre a oferta de pre\u00e7o precisam ser negociadas, de modo a alcan\u00e7ar um valor com impacto or\u00e7ament\u00e1rio sustent\u00e1vel para o SUS\u201d, afirma o relat\u00f3rio.<\/p>\n<\/blockquote>\n<p>O relat\u00f3rio apresenta tamb\u00e9m um c\u00e1lculo dos custos em rela\u00e7\u00e3o a popula\u00e7\u00e3o que seria beneficiada pelo imunizante. \u201cAo vacinar 1,5 milh\u00e3o de pacientes por ano, o custo seria de R$ 1,2 bilh\u00e3o por ano e, no quinto ano, a vacina\u00e7\u00e3o dos 471 mil pacientes restantes com um custo de R$ 380 milh\u00f5es. Ao final de cinco anos, o investimento total seria de R$ 5,2 bilh\u00f5es. Dessa forma, a vacina foi considerada n\u00e3o custoefetiva\u201d, diz o texto publicado.<\/p>\n<p>Segundo a portaria publicada nesta semana, a mat\u00e9ria poder\u00e1 ser submetida a novo processo de avalia\u00e7\u00e3o pela Conitec, caso sejam apresentados fatos novos que possam alterar o resultado da an\u00e1lise efetuada.<\/p>\n<p>Herpes-z\u00f3ster<\/p>\n<p><strong>O herpes-z\u00f3ster \u00e9 uma condi\u00e7\u00e3o de sa\u00fade causada pelo v\u00edrus varicela-z\u00f3ster, o mesmo que causa a catapora.<\/strong> <strong>Quando a pessoa tem catapora, o v\u00edrus permanece no organismo e pode ser reativado ao longo da vida, ocasionando o herpes-z\u00f3ster. Essa reativa\u00e7\u00e3o \u00e9 mais comum em pessoas idosas ou com a imunidade baixa.<\/strong><\/p>\n<p>Os primeiros sintomas s\u00e3o queima\u00e7\u00e3o, coceira, sensibilidade na pele, febre baixa e cansa\u00e7o. Depois de um ou dois dias, surgem manchas vermelhas que evoluem para pequenas bolhas cheias de l\u00edquido. Essas bolhas podem secar e formar crostas. As les\u00f5es aparecem em apenas um lado do corpo e seguem o caminho de um nervo, o que d\u00e1 ao herpes-z\u00f3ster seu aspecto caracter\u00edstico. As \u00e1reas mais afetadas costumam ser o tronco, a face, a lombar e o pesco\u00e7o. Esse processo dura cerca de duas a tr\u00eas semanas.<\/p>\n<p>Segundo informa\u00e7\u00f5es do relat\u00f3rio divulgado pela Conitec, o herpes-z\u00f3ster geralmente melhora sozinho, mas em alguns casos pode causar complica\u00e7\u00f5es graves, como altera\u00e7\u00f5es na pele, no sistema nervoso, nos olhos e nos ouvidos.<\/p>\n<p>Tratamento no SUS<\/p>\n<p><strong>Nos casos leves e sem risco de agravamento, o SUS oferece tratamento sintom\u00e1tico com rem\u00e9dios para aliviar a dor, febre e coceira, al\u00e9m de orienta\u00e7\u00f5es de higiene e cuidados com a pele<\/strong>. <strong>Quando o risco \u00e9 maior, como em pessoas idosas, imunocomprometidas ou com doen\u00e7a grave, recomenda-se o uso do antiviral aciclovir.<\/strong><\/p>\n<p>De acordo com dados dos Sistemas de Informa\u00e7\u00f5es Ambulatoriais do SUS (SIA\/SUS) e hospitalares (SIH\/SUS), entre 2008 a 2024, foram registrados 85.888 atendimentos ambulatoriais e 30.801 interna\u00e7\u00f5es de pacientes com herpes-z\u00f3ster no Brasil.<\/p>\n<p>Segundo dados do Sistema de Informa\u00e7\u00f5es sobre Mortalidade do SUS, entre os anos de 2007 e 2023, 1.567 pessoas morreram por herpes-z\u00f3ster no pa\u00eds, o que representou uma taxa de mortalidade pela doen\u00e7a de 0,05 \u00f3bitos por 100 mil habitantes no per\u00edodo. Do total de \u00f3bitos registrados, 90% foram de pessoas com idade maior ou igual a 50 anos, sendo 53,4% em idosos mais de 80 anos de idade.<\/p>\n","protected":false},"excerpt":{"rendered":"O Minist\u00e9rio da Sa\u00fade decidiu n\u00e3o incorporar a vacina para a preven\u00e7\u00e3o de herpes-z\u00f3ster ao Sistema \u00danico de&hellip;\n","protected":false},"author":2,"featured_media":227458,"comment_status":"","ping_status":"","sticky":false,"template":"","format":"standard","meta":{"footnotes":""},"categories":[86],"tags":[116,32,33,117],"class_list":{"0":"post-227457","1":"post","2":"type-post","3":"status-publish","4":"format-standard","5":"has-post-thumbnail","7":"category-saude","8":"tag-health","9":"tag-portugal","10":"tag-pt","11":"tag-saude"},"share_on_mastodon":{"url":"https:\/\/pubeurope.com\/@pt\/115890507214134928","error":""},"_links":{"self":[{"href":"https:\/\/www.europesays.com\/pt\/wp-json\/wp\/v2\/posts\/227457","targetHints":{"allow":["GET"]}}],"collection":[{"href":"https:\/\/www.europesays.com\/pt\/wp-json\/wp\/v2\/posts"}],"about":[{"href":"https:\/\/www.europesays.com\/pt\/wp-json\/wp\/v2\/types\/post"}],"author":[{"embeddable":true,"href":"https:\/\/www.europesays.com\/pt\/wp-json\/wp\/v2\/users\/2"}],"replies":[{"embeddable":true,"href":"https:\/\/www.europesays.com\/pt\/wp-json\/wp\/v2\/comments?post=227457"}],"version-history":[{"count":0,"href":"https:\/\/www.europesays.com\/pt\/wp-json\/wp\/v2\/posts\/227457\/revisions"}],"wp:featuredmedia":[{"embeddable":true,"href":"https:\/\/www.europesays.com\/pt\/wp-json\/wp\/v2\/media\/227458"}],"wp:attachment":[{"href":"https:\/\/www.europesays.com\/pt\/wp-json\/wp\/v2\/media?parent=227457"}],"wp:term":[{"taxonomy":"category","embeddable":true,"href":"https:\/\/www.europesays.com\/pt\/wp-json\/wp\/v2\/categories?post=227457"},{"taxonomy":"post_tag","embeddable":true,"href":"https:\/\/www.europesays.com\/pt\/wp-json\/wp\/v2\/tags?post=227457"}],"curies":[{"name":"wp","href":"https:\/\/api.w.org\/{rel}","templated":true}]}}