{"id":227493,"date":"2026-01-14T00:27:10","date_gmt":"2026-01-14T00:27:10","guid":{"rendered":"https:\/\/www.europesays.com\/pt\/227493\/"},"modified":"2026-01-14T00:27:10","modified_gmt":"2026-01-14T00:27:10","slug":"apos-jessica-vieira-confessar-novo-amor-afonso-leitao-lanca-farpa-a-ex-namorada-desafio-do-ano-primeira-companhia","status":"publish","type":"post","link":"https:\/\/www.europesays.com\/pt\/227493\/","title":{"rendered":"Ap\u00f3s J\u00e9ssica Vieira confessar novo amor, Afonso Leit\u00e3o lan\u00e7a farpa \u00e0 ex-namorada: \u00abDesafio do ano&#8230;\u00bb &#8211; Primeira Companhia"},"content":{"rendered":"<p><strong>J\u00e9ssica Vieira<\/strong> esteve esta ter\u00e7a-feira, 13 de janeiro, no <strong>Bom Dia Alegria<\/strong>, do V+, a <a href=\"https:\/\/tvi.iol.pt\/primeiracompanhia\/jessica-vieira\/novo-amor\/tenho-o-coracao-meio-ocupado-jessica-vieira-quebra-silencio-sobre-rumores-de-um-novo-amor-com-revelacao-bombastica\" rel=\"nofollow noopener\" target=\"_blank\">falar sobre a sua vida amorosa <\/a>e, inevitavelmente, o ex-relacionamento com <strong>Afonso Leit\u00e3o<\/strong> foi discutido. O ex-paraquedista e a namorada,<strong> Catarina Miranda<\/strong>, estiveram atentos \u00e0 conversa e n\u00e3o tardarem em lan\u00e7ar algumas farpas \u00e0 vencedora do <strong>Big Brother Ver\u00e3o.<\/strong><\/p>\n<p><strong>\u00abDesafio do ano: dar uma entrevista sem falar do Afonso\u00bb<\/strong>, escreveu<strong> Afonso Leit\u00e3o,<\/strong> na legenda de um story que partilhou no Instagram, em que mostra um excerto da entrevista de <strong>J\u00e9ssica Vieira,<\/strong> a sua ex-namorada.<\/p>\n<p><strong>Pode ver aqui:<\/strong><\/p>\n<p style=\"text-align:center\"><img loading=\"lazy\" decoding=\"async\" alt=\"\" height=\"710\" src=\"https:\/\/www.europesays.com\/pt\/wp-content\/uploads\/2026\/01\/696695b1d34e0ec52ec21646.webp\" width=\"400\"\/><\/p>\n<p>De seguida, os <strong>CaLE,<\/strong> como s\u00e3o conhecidos pelos f\u00e3s, publicaram uma s\u00e9rie de fotografias juntos e lan\u00e7aram uma indireta para a jovem nortenha.<strong> \u00abAlguns falam outros vivem \u2665\ufe0f\u00bb<\/strong>, pode ler-se na legenda.<\/p>\n<p><strong>Veja aqui a publica\u00e7\u00e3o:<\/strong><\/p>\n<blockquote class=\"instagram-media\" data-instgrm-captioned=\"\" data-instgrm-permalink=\"https:\/\/www.instagram.com\/p\/DTdGOO4jTmq\/?utm_source=ig_embed&amp;utm_campaign=loading\" data-instgrm-version=\"14\" style=\" background:#FFF; border:0; border-radius:3px; box-shadow:0 0 1px 0 rgba(0,0,0,0.5),0 1px 10px 0 rgba(0,0,0,0.15); margin: 1px; max-width:540px; min-width:326px; padding:0; width:99.375%; width:-webkit-calc(100% - 2px); width:calc(100% - 2px);\">\n<\/blockquote>\n<p>                        <script async src=\"\/\/www.instagram.com\/embed.js\"><\/script><\/p>\n","protected":false},"excerpt":{"rendered":"J\u00e9ssica Vieira esteve esta ter\u00e7a-feira, 13 de janeiro, no Bom Dia Alegria, do V+, a falar sobre a&hellip;\n","protected":false},"author":2,"featured_media":227494,"comment_status":"","ping_status":"","sticky":false,"template":"","format":"standard","meta":{"footnotes":""},"categories":[85],"tags":[2031,328,114,115,1417,32686,338,42110,32,33,162],"class_list":{"0":"post-227493","1":"post","2":"type-post","3":"status-publish","4":"format-standard","5":"has-post-thumbnail","7":"category-entretenimento","8":"tag-afonso-leitao","9":"tag-concorrentes","10":"tag-entertainment","11":"tag-entretenimento","12":"tag-jessica-vieira","13":"tag-jose-moutinho","14":"tag-maria-botelho-moniz","15":"tag-momentos-virais-primeira-companhia","16":"tag-portugal","17":"tag-pt","18":"tag-tvi"},"share_on_mastodon":{"url":"https:\/\/pubeurope.com\/@pt\/115890621175059859","error":""},"_links":{"self":[{"href":"https:\/\/www.europesays.com\/pt\/wp-json\/wp\/v2\/posts\/227493","targetHints":{"allow":["GET"]}}],"collection":[{"href":"https:\/\/www.europesays.com\/pt\/wp-json\/wp\/v2\/posts"}],"about":[{"href":"https:\/\/www.europesays.com\/pt\/wp-json\/wp\/v2\/types\/post"}],"author":[{"embeddable":true,"href":"https:\/\/www.europesays.com\/pt\/wp-json\/wp\/v2\/users\/2"}],"replies":[{"embeddable":true,"href":"https:\/\/www.europesays.com\/pt\/wp-json\/wp\/v2\/comments?post=227493"}],"version-history":[{"count":0,"href":"https:\/\/www.europesays.com\/pt\/wp-json\/wp\/v2\/posts\/227493\/revisions"}],"wp:featuredmedia":[{"embeddable":true,"href":"https:\/\/www.europesays.com\/pt\/wp-json\/wp\/v2\/media\/227494"}],"wp:attachment":[{"href":"https:\/\/www.europesays.com\/pt\/wp-json\/wp\/v2\/media?parent=227493"}],"wp:term":[{"taxonomy":"category","embeddable":true,"href":"https:\/\/www.europesays.com\/pt\/wp-json\/wp\/v2\/categories?post=227493"},{"taxonomy":"post_tag","embeddable":true,"href":"https:\/\/www.europesays.com\/pt\/wp-json\/wp\/v2\/tags?post=227493"}],"curies":[{"name":"wp","href":"https:\/\/api.w.org\/{rel}","templated":true}]}}