{"id":227497,"date":"2026-01-14T00:31:29","date_gmt":"2026-01-14T00:31:29","guid":{"rendered":"https:\/\/www.europesays.com\/pt\/227497\/"},"modified":"2026-01-14T00:31:29","modified_gmt":"2026-01-14T00:31:29","slug":"contra-o-fim-dos-valores-cristaos-ventura-defende-o-radicalismo-de-conviccoes","status":"publish","type":"post","link":"https:\/\/www.europesays.com\/pt\/227497\/","title":{"rendered":"Contra o \u201cfim dos valores crist\u00e3os\u201d, Ventura defende o \u201cradicalismo de convic\u00e7\u00f5es\u201d"},"content":{"rendered":"<p>H\u00e1 cinco anos, quando discursou em frente ao Castelo de Guimar\u00e3es pela primeira vez como candidato presidencial sem hip\u00f3teses de ganhar, <a href=\"https:\/\/expresso.pt\/presidenciais2021\/2021-01-18-Ventura-apela-a-nova-reconquista-chama-travesti-de-direita-a-Rio--e-nao-se-demarca-de-atos-hostis-contra-jornalistas-\" target=\"_blank\" rel=\"nofollow noopener\">Andr\u00e9 Ventura falou em \u201creconquista\u201d e na \u201cProvid\u00eancia\u201d<\/a> que \u201cpermitiu transformar este movimento numa oportunidade de transformar Portugal\u201d. Esta ter\u00e7a-feira, no mesmo local, mas partindo como um dos favoritos para chegar \u00e0 2.\u00aaa volta, o tom foi menos dram\u00e1tico, mas n\u00e3o menos patri\u00f3tico: voltou a falar na \u201cmatriz crist\u00e3\u201d do pa\u00eds, condenou a \u201cimigra\u00e7\u00e3o descontrolada\u201d que deixou o pa\u00eds <strong>\u201cdilacerado\u201d e destru\u00eddo\u201d e terminou defendendo uma lideran\u00e7a \u201ccom radicalismo de convic\u00e7\u00f5es\u201d<\/strong>.<\/p>\n<p><a href=\"https:\/\/expresso.pt\/subscrever?action=GEN&amp;channel=BAF&amp;type=CAP&amp;source=WEB&amp;returnUrl=https:\/\/expresso.pt\/politica\/eleicoes\/presidenciais-2026\/2026-01-13-contra-o-fim-dos-valores-cristaos-ventura-defende-o-radicalismo-de-conviccoes-ba228a51&amp;utm_source=expresso&amp;utm_medium=locked_article&amp;locked=true&amp;article_id=5d5bca7a-2e25-4cc6-a65b-83c9ae302262&amp;author_id=H\u00e9lio+Carvalho,Ana+Bai\u00e3o&amp;category=Presidenciais+2026\" target=\"_self\" class=\"\" rel=\"nofollow noopener\">Subscrever<\/a>J\u00e1 \u00e9 Subscritor?Fa\u00e7a login e continue a ler<a href=\"http:\/\/expresso.pt\/codigo?redirectUrl=https:\/\/expresso.pt\/politica\/eleicoes\/presidenciais-2026\/2026-01-13-contra-o-fim-dos-valores-cristaos-ventura-defende-o-radicalismo-de-conviccoes-ba228a51\" target=\"_self\" class=\"\" rel=\"nofollow noopener\">Inserir C\u00f3digo<\/a>Comprou o Expresso?Insira o c\u00f3digo presente na Revista E para continuar a ler<\/p>\n","protected":false},"excerpt":{"rendered":"H\u00e1 cinco anos, quando discursou em frente ao Castelo de Guimar\u00e3es pela primeira vez como candidato presidencial sem&hellip;\n","protected":false},"author":2,"featured_media":227498,"comment_status":"","ping_status":"","sticky":false,"template":"","format":"standard","meta":{"footnotes":""},"categories":[10],"tags":[27,28,15,16,14,25,26,21,22,12,13,19,20,32,23,24,33,17,18,29,30,31],"class_list":{"0":"post-227497","1":"post","2":"type-post","3":"status-publish","4":"format-standard","5":"has-post-thumbnail","7":"category-portugal","8":"tag-breaking-news","9":"tag-breakingnews","10":"tag-featured-news","11":"tag-featurednews","12":"tag-headlines","13":"tag-latest-news","14":"tag-latestnews","15":"tag-main-news","16":"tag-mainnews","17":"tag-news","18":"tag-noticias","19":"tag-noticias-principais","20":"tag-noticiasprincipais","21":"tag-portugal","22":"tag-principais-noticias","23":"tag-principaisnoticias","24":"tag-pt","25":"tag-top-stories","26":"tag-topstories","27":"tag-ultimas","28":"tag-ultimas-noticias","29":"tag-ultimasnoticias"},"share_on_mastodon":{"url":"https:\/\/pubeurope.com\/@pt\/115890637138612072","error":""},"_links":{"self":[{"href":"https:\/\/www.europesays.com\/pt\/wp-json\/wp\/v2\/posts\/227497","targetHints":{"allow":["GET"]}}],"collection":[{"href":"https:\/\/www.europesays.com\/pt\/wp-json\/wp\/v2\/posts"}],"about":[{"href":"https:\/\/www.europesays.com\/pt\/wp-json\/wp\/v2\/types\/post"}],"author":[{"embeddable":true,"href":"https:\/\/www.europesays.com\/pt\/wp-json\/wp\/v2\/users\/2"}],"replies":[{"embeddable":true,"href":"https:\/\/www.europesays.com\/pt\/wp-json\/wp\/v2\/comments?post=227497"}],"version-history":[{"count":0,"href":"https:\/\/www.europesays.com\/pt\/wp-json\/wp\/v2\/posts\/227497\/revisions"}],"wp:featuredmedia":[{"embeddable":true,"href":"https:\/\/www.europesays.com\/pt\/wp-json\/wp\/v2\/media\/227498"}],"wp:attachment":[{"href":"https:\/\/www.europesays.com\/pt\/wp-json\/wp\/v2\/media?parent=227497"}],"wp:term":[{"taxonomy":"category","embeddable":true,"href":"https:\/\/www.europesays.com\/pt\/wp-json\/wp\/v2\/categories?post=227497"},{"taxonomy":"post_tag","embeddable":true,"href":"https:\/\/www.europesays.com\/pt\/wp-json\/wp\/v2\/tags?post=227497"}],"curies":[{"name":"wp","href":"https:\/\/api.w.org\/{rel}","templated":true}]}}