{"id":227503,"date":"2026-01-14T00:37:34","date_gmt":"2026-01-14T00:37:34","guid":{"rendered":"https:\/\/www.europesays.com\/pt\/227503\/"},"modified":"2026-01-14T00:37:34","modified_gmt":"2026-01-14T00:37:34","slug":"bbb-26-concorrente-do-quarto-branco-precisou-trocar-macacao-apos-sujar-com-fezes-extra-online","status":"publish","type":"post","link":"https:\/\/www.europesays.com\/pt\/227503\/","title":{"rendered":"&#039;BBB 26&#039;: Concorrente do Quarto branco precisou trocar macac\u00e3o ap\u00f3s sujar com fezes &#8211; Extra online"},"content":{"rendered":"<ol>\n<li><a href=\"https:\/\/news.google.com\/rss\/articles\/CBMi3gFBVV95cUxQRTRsZWp0MUtxaVQ1V3JELW9UWDZucG5UWXdvemhKV29MMG1sYjJ1emVhNHBFZDFnYkVvQzBKQWRfRVFMdThsN2RGWjJWV21SeVdFTTM5SF9YOENldGRVOHlDSmxlSW5ac3ZGV3huUDF6MTlWZXpXM3BzbnV5RUM5cnlSVjNackNXcEZ3RTJTUFRRVWpCMDJreC1hUVdPV0dSOXAtYldWV3ZqZ1RzWGNWMElHMGtEcmhNV1pyYWtoWWNQVlJ5M1o4T0dWUE42NEtLWkhkMzFFaWxmNTdYWFHSAewBQVVfeXFMTV9HMldGaTJFNmhtYTM2dU9PczlVZC01My1mTldjalotZmd1OFlYeldGZUROU2RwazZTQWg3MWJIdjE1YnY4cDBoWkhfRHE4R2lHRl9tSWZwU3VpMGdtLWp3UGNiRHloVjk4RjlzdjE2RzctcDRLTkJsUUw5TnphOHlHOFhkQ1NqMXYzc1AzbVVNVk9JZXpFaXRKTXNicWVDQ0daYjE2SlZQR1JKd1BaMWlRZFAyNzI0SkdZanNlVnFnOHd4dHNNOGJJMDNlc2gzamU5dERZNktYck14X0stUGIzZmw2eFpQUHpYMjc?oc=5\" target=\"_blank\" rel=\"nofollow noopener\">&#8216;BBB 26&#8217;: Concorrente do Quarto branco precisou trocar macac\u00e3o ap\u00f3s sujar com fezes<\/a>&nbsp;&nbsp;Extra online<\/li>\n<li><a href=\"https:\/\/news.google.com\/rss\/articles\/CBMijwFBVV95cUxNU2gzX0hXWVBfT1FyZWZZWVVOeTdvUjdoVG1Kem9xVy1QM1Izd1NZd3lpQnptVGZ5RmJsMHNRazhJNkhkQmZQZFd1ZDFHMHlKMVVKV3cxOFFUWXZiRzVfN3ZZQWR4YlNKUUxFZHNpQUxsdEtsd1pkVUhZYU0tOFhEUWxKOC00dlVnbnRSREpQNA?oc=5\" target=\"_blank\" rel=\"nofollow noopener\">Brothers notam parede do banheiro do Quarto Branco suja de fezes: &#8216;Fedor&#8217;<\/a>&nbsp;&nbsp;UOL<\/li>\n<li><a href=\"https:\/\/news.google.com\/rss\/articles\/CBMiswFBVV95cUxONlNQLTFzOENOYXlrVkdaaFlmVE9HVGJqYlAwVTgxbDdENnRfQTZXYXYzdXBtQmlRS1pnakVLVjZDeXBvcWJFd3I4Z3BmZjVHcl9ZcHZ6enR3US1heUl2YmVmbjZzVkFJaXlmVmhjekZOdHRmNzc5WWhrcF9KLUQ0Z0RweVNqdnBOQkNxUUdtSkZMbzBWX1dUWk50aEhyMHlZQUdOM3g5eHBGc2VTVk5uMjduYw?oc=5\" target=\"_blank\" rel=\"nofollow noopener\">Dire\u00e7\u00e3o do BBB 26 interv\u00e9m ap\u00f3s \u2018sujeira\u2019 e bagun\u00e7a no Quarto Branco<\/a>&nbsp;&nbsp;R\u00e1dio Itatiaia<\/li>\n<li><a href=\"https:\/\/news.google.com\/rss\/articles\/CBMixAFBVV95cUxNLXZ5NmhjZzVIVFpjZkxzR3d4a1JmLVJrbzlzQ0VxYnhuSDhQVFNWcERKVkxsN085Y1N5cFFhT05MWDFVdHBpVkc0WlJmelp1ZUJqdU9kQno3bjBzeFpZeTRSZWx2MkNhRTB1NFRFYlN2LXBfcWFTeW1NWUtucmNqUHFEZURXUmZsTGpsLVJRLTRiMExqTFBBTkozSXJCWnlvd3JoNUd5T3B0cmhQRXBNdEtzaUZHbmtKMDZkY1lxSGVHZ0Fr0gHTAUFVX3lxTE95eGRwYUhoZXdXa2FwVG52VjVSN3ZDQllMNjdsQ3NaTi1DMXBwNDJudnFmUndUNVlkSjNVS1BKT2dyanJ6eUFUNVdIeU95UklSSDF3RXNDUTVEU2dHQmNCNUZKbmFLMEtUQTBDbzFfWlBTYTZMZmtBbTFRVXpBbXdCRHNGaE5hVnlwaV9KemNqaFgtOHJibG5ManlTZy1xcGZQUUJ1dGc5U0hyRzIxYS15N2l4amlVVzB3Mnl6LUNVMjVhLWVsVmhUTnkzSHFQUVhGeUU?oc=5\" target=\"_blank\" rel=\"nofollow noopener\">Participantes do quarto branco do BBB 26 passam perrengue com banheiro sujo<\/a>&nbsp;&nbsp;Not\u00edcias da TV<\/li>\n<li><a href=\"https:\/\/news.google.com\/rss\/articles\/CBMiowFBVV95cUxPalN5Rkc4eFNEeHZGWlBXd3hRRTZoM3lGYUVOSGFPaFVQNEFfTnpSZ0hFUlpyZWRXanlFWFl5UjRmUHVPeWpUYjd0X3YwZFBLLUw0Ry1LUHNibHEzRTJNUkgtZmx3UnVBZHI0ZjlmYVh3MnNSMm0tWUJ4LUlkRXdYMG5oU2J2V1ZMa1pMMk9KVm1ydmQ1VHVNaXBEWjM4M0lBSlJ30gGrAUFVX3lxTE1kMG5xR3VSaXFCVnE4RklQUHhZQlh0OHF0OXZ2d2NXVUowbXZkdDhZSU9ySXlfS0cyZUUwVXU5N1hGUEUtTzR4V3ZqWFlYdVh3bkVfYWpjM0dveE53YUgzdHpxVzJTSWd6N3pIN1V5SXdmUVVJb1dUalY1Uzc2YnhEbWFiVDNLaEdqSkVEUFN5dGZSeVVFc2FWMlRtX2lkcGFYTUd0aUU0cjlNNA?oc=5\" target=\"_blank\" rel=\"nofollow noopener\">BBB 26: participante faz coc\u00f4 na parede e rival se desespera &#8211; iBahia<\/a>&nbsp;&nbsp;iBahia<\/li>\n<\/ol>\n","protected":false},"excerpt":{"rendered":"&#8216;BBB 26&#8217;: Concorrente do Quarto branco precisou trocar macac\u00e3o ap\u00f3s sujar com fezes&nbsp;&nbsp;Extra online Brothers notam parede do&hellip;\n","protected":false},"author":2,"featured_media":227504,"comment_status":"","ping_status":"","sticky":false,"template":"","format":"standard","meta":{"footnotes":""},"categories":[142],"tags":[114,115,32,33,151],"class_list":{"0":"post-227503","1":"post","2":"type-post","3":"status-publish","4":"format-standard","5":"has-post-thumbnail","7":"category-tv","8":"tag-entertainment","9":"tag-entretenimento","10":"tag-portugal","11":"tag-pt","12":"tag-tv"},"share_on_mastodon":{"url":"https:\/\/pubeurope.com\/@pt\/115890660531080328","error":""},"_links":{"self":[{"href":"https:\/\/www.europesays.com\/pt\/wp-json\/wp\/v2\/posts\/227503","targetHints":{"allow":["GET"]}}],"collection":[{"href":"https:\/\/www.europesays.com\/pt\/wp-json\/wp\/v2\/posts"}],"about":[{"href":"https:\/\/www.europesays.com\/pt\/wp-json\/wp\/v2\/types\/post"}],"author":[{"embeddable":true,"href":"https:\/\/www.europesays.com\/pt\/wp-json\/wp\/v2\/users\/2"}],"replies":[{"embeddable":true,"href":"https:\/\/www.europesays.com\/pt\/wp-json\/wp\/v2\/comments?post=227503"}],"version-history":[{"count":0,"href":"https:\/\/www.europesays.com\/pt\/wp-json\/wp\/v2\/posts\/227503\/revisions"}],"wp:featuredmedia":[{"embeddable":true,"href":"https:\/\/www.europesays.com\/pt\/wp-json\/wp\/v2\/media\/227504"}],"wp:attachment":[{"href":"https:\/\/www.europesays.com\/pt\/wp-json\/wp\/v2\/media?parent=227503"}],"wp:term":[{"taxonomy":"category","embeddable":true,"href":"https:\/\/www.europesays.com\/pt\/wp-json\/wp\/v2\/categories?post=227503"},{"taxonomy":"post_tag","embeddable":true,"href":"https:\/\/www.europesays.com\/pt\/wp-json\/wp\/v2\/tags?post=227503"}],"curies":[{"name":"wp","href":"https:\/\/api.w.org\/{rel}","templated":true}]}}