{"id":227505,"date":"2026-01-14T00:39:13","date_gmt":"2026-01-14T00:39:13","guid":{"rendered":"https:\/\/www.europesays.com\/pt\/227505\/"},"modified":"2026-01-14T00:39:13","modified_gmt":"2026-01-14T00:39:13","slug":"vingadores-doutor-destino-nia-dacosta-indica-retorno-do-trio-de-as-marvels","status":"publish","type":"post","link":"https:\/\/www.europesays.com\/pt\/227505\/","title":{"rendered":"Vingadores: Doutor Destino | Nia DaCosta indica retorno do trio de As Marvels"},"content":{"rendered":"<p class=\"wp-block-yoast-seo-estimated-reading-time yoast-reading-time__wrapper\">Estimated reading time: 2 minutos<\/p>\n<p>Parece que o time de hero\u00ednas de <strong>As Marvels<\/strong> est\u00e1 pronto para se reunir novamente no maior palco do <strong>MCU<\/strong>. <strong>Nia DaCosta<\/strong>, diretora do filme de 2023, aparentemente confirmou o retorno de <strong>Capit\u00e3 Marvel<\/strong>, <strong>Ms. Marvel<\/strong> e <strong>Monica Rambeau<\/strong> em <a href=\"https:\/\/ovicio.com.br\/tag\/vingadores-doutor-destino\" rel=\"nofollow noopener\" target=\"_blank\">Vingadores: Doutor Destino<\/a>.<\/p>\n<p>Em entrevista ao <a href=\"https:\/\/collider.com\/the-marvels-nia-dacosta-filming-experience-reaction-box-office-failure\/\" target=\"_blank\" rel=\"noreferrer noopener nofollow\">Collider<\/a>, a cineasta comentou casualmente sobre uma visita que fez \u00e0s filmagens do pr\u00f3ximo grande evento da <strong>Marvel Studios<\/strong>, deixando escapar que o elenco com quem trabalhou estava presente nas grava\u00e7\u00f5es.<\/p>\n<p><strong>&#8220;Eu estava visitando o set dos Vingadores no ver\u00e3o passado, o que foi muito divertido\u2026 algumas das minhas amigas estavam no filme&#8221;<\/strong>, disse DaCosta.<\/p>\n<p>Embora ela n\u00e3o tenha citado nomes, a refer\u00eancia a <strong>&#8220;amigas&#8221;<\/strong> \u00e9 interpretada quase unanimemente como uma confirma\u00e7\u00e3o da presen\u00e7a de <strong>Brie Larson<\/strong> (Carol Danvers), <strong>Iman Vellani<\/strong> (Kamala Khan) e <strong>Teyonah Parris<\/strong> (Monica Rambeau). Considerando o desfecho de <strong>As Marvels<\/strong> e a escala multiversal da nova saga, o retorno do trio para enfrentar a amea\u00e7a do <strong>Doutor Destino<\/strong> faz todo o sentido narrativo.<\/p>\n<p><strong>Vingadores: Doutor Destino<\/strong> tem estreia marcada para 17 de dezembro nos cinemas.<\/p>\n<p>Leia tamb\u00e9m sobre Vingadores:<\/p>\n","protected":false},"excerpt":{"rendered":"Estimated reading time: 2 minutos Parece que o time de hero\u00ednas de As Marvels est\u00e1 pronto para se&hellip;\n","protected":false},"author":2,"featured_media":227506,"comment_status":"","ping_status":"","sticky":false,"template":"","format":"standard","meta":{"footnotes":""},"categories":[140],"tags":[43638,114,115,147,148,146,32,33,38893],"class_list":{"0":"post-227505","1":"post","2":"type-post","3":"status-publish","4":"format-standard","5":"has-post-thumbnail","7":"category-filmes","8":"tag-as-marvels","9":"tag-entertainment","10":"tag-entretenimento","11":"tag-film","12":"tag-filmes","13":"tag-movies","14":"tag-portugal","15":"tag-pt","16":"tag-vingadores-doutor-destino"},"share_on_mastodon":{"url":"https:\/\/pubeurope.com\/@pt\/115890669527998379","error":""},"_links":{"self":[{"href":"https:\/\/www.europesays.com\/pt\/wp-json\/wp\/v2\/posts\/227505","targetHints":{"allow":["GET"]}}],"collection":[{"href":"https:\/\/www.europesays.com\/pt\/wp-json\/wp\/v2\/posts"}],"about":[{"href":"https:\/\/www.europesays.com\/pt\/wp-json\/wp\/v2\/types\/post"}],"author":[{"embeddable":true,"href":"https:\/\/www.europesays.com\/pt\/wp-json\/wp\/v2\/users\/2"}],"replies":[{"embeddable":true,"href":"https:\/\/www.europesays.com\/pt\/wp-json\/wp\/v2\/comments?post=227505"}],"version-history":[{"count":0,"href":"https:\/\/www.europesays.com\/pt\/wp-json\/wp\/v2\/posts\/227505\/revisions"}],"wp:featuredmedia":[{"embeddable":true,"href":"https:\/\/www.europesays.com\/pt\/wp-json\/wp\/v2\/media\/227506"}],"wp:attachment":[{"href":"https:\/\/www.europesays.com\/pt\/wp-json\/wp\/v2\/media?parent=227505"}],"wp:term":[{"taxonomy":"category","embeddable":true,"href":"https:\/\/www.europesays.com\/pt\/wp-json\/wp\/v2\/categories?post=227505"},{"taxonomy":"post_tag","embeddable":true,"href":"https:\/\/www.europesays.com\/pt\/wp-json\/wp\/v2\/tags?post=227505"}],"curies":[{"name":"wp","href":"https:\/\/api.w.org\/{rel}","templated":true}]}}