{"id":227521,"date":"2026-01-14T00:51:20","date_gmt":"2026-01-14T00:51:20","guid":{"rendered":"https:\/\/www.europesays.com\/pt\/227521\/"},"modified":"2026-01-14T00:51:20","modified_gmt":"2026-01-14T00:51:20","slug":"alane-dias-posa-em-clima-de-romance-com-francisco-gil-em-noronha","status":"publish","type":"post","link":"https:\/\/www.europesays.com\/pt\/227521\/","title":{"rendered":"Alane Dias posa em clima de romance com Francisco Gil em Noronha"},"content":{"rendered":"<p class=\"bullet mt-0\" data-v-232111b4=\"\"><a href=\"https:\/\/www.uol.com.br\/splash\/noticias\/2025\/12\/05\/alane-dias-fala-de-pressao-perrengues-e-exalta-enredo-da-grande-rio.htm\" rel=\"nofollow noopener\" target=\"_blank\">Alane Dias<\/a>, 26, compartilhou uma s\u00e9rie de fotos de sua viagem para Fernando de Noronha, ao lado do namorado, <a href=\"https:\/\/www.uol.com.br\/splash\/noticias\/2025\/07\/22\/francisco-gil-homenagem-preta-gil.htm\" rel=\"nofollow noopener\" target=\"_blank\">Francisco Gil<\/a>, 30.<\/p>\n<p class=\"bullet\" data-v-232111b4=\"\">O que aconteceu<\/p>\n<p class=\"bullet\" data-v-232111b4=\"\"><strong>A ex-BBB passou os primeiros dias do ano em Noronha com o namorado e mostrou alguns registros<\/strong>. &#8220;Conhecer Noronha assim, de dentro pra fora, viver a ilha de verdade, somando a um projeto de sustentabilidade t\u00e3o necess\u00e1rio, criando momentos marcantes e lembran\u00e7as boas, foi um jeito lindo de come\u00e7ar o ano&#8221;, escreveu na legenda.<\/p>\n","protected":false},"excerpt":{"rendered":"Alane Dias, 26, compartilhou uma s\u00e9rie de fotos de sua viagem para Fernando de Noronha, ao lado do&hellip;\n","protected":false},"author":2,"featured_media":227522,"comment_status":"","ping_status":"","sticky":false,"template":"","format":"standard","meta":{"footnotes":""},"categories":[142],"tags":[114,115,32,33,151],"class_list":{"0":"post-227521","1":"post","2":"type-post","3":"status-publish","4":"format-standard","5":"has-post-thumbnail","7":"category-tv","8":"tag-entertainment","9":"tag-entretenimento","10":"tag-portugal","11":"tag-pt","12":"tag-tv"},"share_on_mastodon":{"url":"https:\/\/pubeurope.com\/@pt\/115890715566060304","error":""},"_links":{"self":[{"href":"https:\/\/www.europesays.com\/pt\/wp-json\/wp\/v2\/posts\/227521","targetHints":{"allow":["GET"]}}],"collection":[{"href":"https:\/\/www.europesays.com\/pt\/wp-json\/wp\/v2\/posts"}],"about":[{"href":"https:\/\/www.europesays.com\/pt\/wp-json\/wp\/v2\/types\/post"}],"author":[{"embeddable":true,"href":"https:\/\/www.europesays.com\/pt\/wp-json\/wp\/v2\/users\/2"}],"replies":[{"embeddable":true,"href":"https:\/\/www.europesays.com\/pt\/wp-json\/wp\/v2\/comments?post=227521"}],"version-history":[{"count":0,"href":"https:\/\/www.europesays.com\/pt\/wp-json\/wp\/v2\/posts\/227521\/revisions"}],"wp:featuredmedia":[{"embeddable":true,"href":"https:\/\/www.europesays.com\/pt\/wp-json\/wp\/v2\/media\/227522"}],"wp:attachment":[{"href":"https:\/\/www.europesays.com\/pt\/wp-json\/wp\/v2\/media?parent=227521"}],"wp:term":[{"taxonomy":"category","embeddable":true,"href":"https:\/\/www.europesays.com\/pt\/wp-json\/wp\/v2\/categories?post=227521"},{"taxonomy":"post_tag","embeddable":true,"href":"https:\/\/www.europesays.com\/pt\/wp-json\/wp\/v2\/tags?post=227521"}],"curies":[{"name":"wp","href":"https:\/\/api.w.org\/{rel}","templated":true}]}}