{"id":227533,"date":"2026-01-14T00:59:11","date_gmt":"2026-01-14T00:59:11","guid":{"rendered":"https:\/\/www.europesays.com\/pt\/227533\/"},"modified":"2026-01-14T00:59:11","modified_gmt":"2026-01-14T00:59:11","slug":"eua-acusam-russia-de-escalada-perigosa-e-inexplicavel-da-guerra-na-ucrania-diario-de-noticias","status":"publish","type":"post","link":"https:\/\/www.europesays.com\/pt\/227533\/","title":{"rendered":"EUA acusam R\u00fassia de \u201cescalada perigosa e inexplic\u00e1vel\u201d da guerra na Ucr\u00e2nia &#8211; Di\u00e1rio de Not\u00edcias"},"content":{"rendered":"<ol>\n<li><a href=\"https:\/\/news.google.com\/rss\/articles\/CBMipgFBVV95cUxQbkhwV1Z4UVc1bEZvS0hMOXVXOTd0MXlQV3BQdW1UTGRUOU9SeFVvcEw1Z2hZOTJoS0h0cTlidUtUN2piVTJUTzRWOHI5NHF0M3FYd19TQ21fYTlxclEtemM3aXplTlZQZWNBeTIwVGdwbWIwd3E5MnNoS1YtT2tBX2RfaG54aS1zeElNT3JCQW81bkZ6elU5SS1hSmxzSmtmQlpqdUFB?oc=5\" target=\"_blank\" rel=\"nofollow noopener\">EUA acusam R\u00fassia de \u201cescalada perigosa e inexplic\u00e1vel\u201d da guerra na Ucr\u00e2nia<\/a>&nbsp;&nbsp;Di\u00e1rio de Not\u00edcias<\/li>\n<li><a href=\"https:\/\/news.google.com\/rss\/articles\/CBMingFBVV95cUxNbmxXY2hvZGdoNDNYeEgxb0FtWTNmRXdYeFc0SXMwOEhOclVFdUs1UEVxWTN2VndrM2VKcDNPT0pwSFc0TXhwRUw5VERzUHk5NlM5cnRRcm1kVWhDb2xNTGd2OVNxblJTc1FwZENhcHNwOGN2NFNLellwZjZTUTE4emRuRGRoVDlETFZ4MnJkX2hHallNSGJyMWFWNjhFd9IBowFBVV95cUxOSmJwV3oteDdZcG5EUEhFSUNHV0pIaGtjWWFlU2tNVlVmaGJCbmg2ZFdaU0o4MUkwb3pMWGFQMmFpR01wOWpEbVNDVC1PallHSjhfc2N5LV9sUzR6VEw4di1JN0oza3IyQUFKOUtfenVZT3MtYk9PdG1KUG1Ra1dERFpVVmd2SDVPeUdhRi1xOXJvaDlUMlhlX0N4SFpWdjFKYVJn?oc=5\" target=\"_blank\" rel=\"nofollow noopener\">Ucr\u00e2nia vive pior inverno sob ataques da R\u00fassia<\/a>&nbsp;&nbsp;Folha de S.Paulo<\/li>\n<li><a href=\"https:\/\/news.google.com\/rss\/articles\/CBMinwFBVV95cUxPYnJMNktWOUVVZ1NmUWgtYXRwMm85THlHUlJGeWxLajJsRkZPbU83bWtJVko5SDJkT1J4OWNod3JhRWFyVHVHWURndlVXRWJsVTJSSDYtdlktS3NlbXRLdkxVdGt2akVQQXB2VC16VmRCWG82YmxJYXhYWktlenpHaHNrRXBfVWZKZFhQM1VYTGtqR1NsS3JacHhhaTB1WXPSAa4BQVVfeXFMUHFGTldUVGx3LWpnNTlFY1ZscTh6V1FqSEZKTDFrakJreUhtVFRaNFc2c3BkQWw2U005TWV4bDhyaks4dzNNWlQ5X3FUTldYa2FmRGI0RlFPM3lsVVNWb0dpR09lakZ0Yy12dzJFVVFiMEJ5dEoxdjBnd0JOX1JGMHdJQ0o5aWdoNVM1S1dNYWEwTGdFaU82RHZwODlMUm1ETUhvQmUyT0J2MENfQUJ3?oc=5\" target=\"_blank\" rel=\"nofollow noopener\">Ataque da R\u00fassia na Ucr\u00e2nia mata 4 e danifica estrutura de energia, dizem autoridades ucranianas<\/a>&nbsp;&nbsp;G1<\/li>\n<li><a href=\"https:\/\/news.google.com\/rss\/articles\/CBMiuAFBVV95cUxQRXlSNVRZWHVNUS1SM1h4UUc0TUl4UHZsS1dSMnhwOGtYY09sNmVCOFRDNHRhbGpnRmRjeUlucEZqLTNUY01mVnVJMWE0VW5iaUxQalhRX1JSZmktSmJVT2s3SFNOYThyNFZTV3ZEemIyZVY2R3ZKTmN2TW9ZT3FGZEl3QzhRMVRMbmpyaDZEeDlIVFI5eGEyWFVjOG1oS2hsMnF3c3BJdlFrcFhTOENfUkI1S2VqMkh2?oc=5\" target=\"_blank\" rel=\"nofollow noopener\">Mais de mil pr\u00e9dios ficam sem luz por dias em Kiev ap\u00f3s ataque russo a rede el\u00e9trica<\/a>&nbsp;&nbsp;VEJA<\/li>\n<li><a href=\"https:\/\/news.google.com\/rss\/articles\/CBMirwFBVV95cUxOQkxNWFpWUlJldUszS2l0ZllhUER5QVBGTFpjRkhtRzlnN3ZCSkVKMEZkeTh4WnFBN2xvbEY2T0Q1Z2ZSU3VfME5zV0Nlalg5M05SVldVcVRhN29oWnIwNF9IMEtlM2wwY2VwWHZsT3k2QlhZaW1jUDhOYmt5QW03bmVHUTduZkZndlZHTVcwLUNsS3plTjVNVENkeUdBZEJiUkRmWEpoYTloX2hkazZr?oc=5\" target=\"_blank\" rel=\"nofollow noopener\">R\u00fassia e Ucr\u00e2nia trocam novos ataques, enquanto esfor\u00e7os para cessar-fogo se mant\u00eam<\/a>&nbsp;&nbsp;Midiamax<\/li>\n<\/ol>\n","protected":false},"excerpt":{"rendered":"EUA acusam R\u00fassia de \u201cescalada perigosa e inexplic\u00e1vel\u201d da guerra na Ucr\u00e2nia&nbsp;&nbsp;Di\u00e1rio de Not\u00edcias Ucr\u00e2nia vive pior inverno&hellip;\n","protected":false},"author":2,"featured_media":227534,"comment_status":"","ping_status":"","sticky":false,"template":"","format":"standard","meta":{"footnotes":""},"categories":[50],"tags":[27,28,32900,235,15,16,889,14,25,26,21,22,62,12,13,19,20,23,24,839,17,18,29,30,31,2416,63,64,65],"class_list":{"0":"post-227533","1":"post","2":"type-post","3":"status-publish","4":"format-standard","5":"has-post-thumbnail","7":"category-mundo","8":"tag-breaking-news","9":"tag-breakingnews","10":"tag-conselho-de-seguranca-da-onu","11":"tag-estados-unidos","12":"tag-featured-news","13":"tag-featurednews","14":"tag-guerra-na-ucrania","15":"tag-headlines","16":"tag-latest-news","17":"tag-latestnews","18":"tag-main-news","19":"tag-mainnews","20":"tag-mundo","21":"tag-news","22":"tag-noticias","23":"tag-noticias-principais","24":"tag-noticiasprincipais","25":"tag-principais-noticias","26":"tag-principaisnoticias","27":"tag-russia","28":"tag-top-stories","29":"tag-topstories","30":"tag-ultimas","31":"tag-ultimas-noticias","32":"tag-ultimasnoticias","33":"tag-volodymyr-zelensky","34":"tag-world","35":"tag-world-news","36":"tag-worldnews"},"share_on_mastodon":{"url":"","error":"Validation failed: Text character limit of 500 exceeded"},"_links":{"self":[{"href":"https:\/\/www.europesays.com\/pt\/wp-json\/wp\/v2\/posts\/227533","targetHints":{"allow":["GET"]}}],"collection":[{"href":"https:\/\/www.europesays.com\/pt\/wp-json\/wp\/v2\/posts"}],"about":[{"href":"https:\/\/www.europesays.com\/pt\/wp-json\/wp\/v2\/types\/post"}],"author":[{"embeddable":true,"href":"https:\/\/www.europesays.com\/pt\/wp-json\/wp\/v2\/users\/2"}],"replies":[{"embeddable":true,"href":"https:\/\/www.europesays.com\/pt\/wp-json\/wp\/v2\/comments?post=227533"}],"version-history":[{"count":0,"href":"https:\/\/www.europesays.com\/pt\/wp-json\/wp\/v2\/posts\/227533\/revisions"}],"wp:featuredmedia":[{"embeddable":true,"href":"https:\/\/www.europesays.com\/pt\/wp-json\/wp\/v2\/media\/227534"}],"wp:attachment":[{"href":"https:\/\/www.europesays.com\/pt\/wp-json\/wp\/v2\/media?parent=227533"}],"wp:term":[{"taxonomy":"category","embeddable":true,"href":"https:\/\/www.europesays.com\/pt\/wp-json\/wp\/v2\/categories?post=227533"},{"taxonomy":"post_tag","embeddable":true,"href":"https:\/\/www.europesays.com\/pt\/wp-json\/wp\/v2\/tags?post=227533"}],"curies":[{"name":"wp","href":"https:\/\/api.w.org\/{rel}","templated":true}]}}