{"id":227570,"date":"2026-01-14T01:27:57","date_gmt":"2026-01-14T01:27:57","guid":{"rendered":"https:\/\/www.europesays.com\/pt\/227570\/"},"modified":"2026-01-14T01:27:57","modified_gmt":"2026-01-14T01:27:57","slug":"acordo-entre-europa-e-china-traz-novo-rumo-para-carros-eletricos","status":"publish","type":"post","link":"https:\/\/www.europesays.com\/pt\/227570\/","title":{"rendered":"Acordo entre Europa e China traz novo rumo para carros el\u00e9tricos"},"content":{"rendered":"<p>A chegada das tarifas sobre os carros el\u00e9tricos vindos da China marcaram os \u00faltimos anos. Isso mudar\u00e1 em breve, com a Europa e a China a alcan\u00e7arem um acordo sobre a importa\u00e7\u00e3o de carros el\u00e9tricos, estabelecendo pre\u00e7os m\u00ednimos como alternativa \u00e0s tarifas. Saiba os detalhes.<\/p>\n<p><a target=\"_blank\" href=\"https:\/\/pplware.sapo.pt\/wp-content\/uploads\/2026\/01\/europa_china_carros_eletricos_1.jpg\" onclick=\"refreshIframe()\" class=\"foobox\" rel=\"nofollow noopener\"><img fetchpriority=\"high\" decoding=\"async\" src=\"https:\/\/www.europesays.com\/pt\/wp-content\/uploads\/2026\/01\/europa_china_carros_eletricos_1-1024x576.jpg\" alt=\"Europa China carros el\u00e9tricos acordo\" width=\"720\" height=\"405\" class=\"aligncenter size-large wp-image-1097962\"  \/><\/a>\n<\/p>\n<p>Um passo decisivo entre a Europa e a China<\/p>\n<p>As tens\u00f5es comerciais que marcaram os \u00faltimos meses parecem ter encontrado finalmente um caminho para a resolu\u00e7\u00e3o. A China e a Uni\u00e3o Europeia chegaram a um entendimento sobre os passos necess\u00e1rios para resolver o diferendo relativo \u00e0 importa\u00e7\u00e3o de carros el\u00e9tricos fabricados na China. Este desenvolvimento surge ap\u00f3s a implementa\u00e7\u00e3o de tarifas adicionais por Bruxelas em 2024, que podiam atingir os 35,3%<\/p>\n<p>Estas surgiram como resposta aos subs\u00eddios estatais que, segundo a Europa, distorciam a concorr\u00eancia no mercado. A publica\u00e7\u00e3o de um documento de orienta\u00e7\u00e3o por parte da Comiss\u00e3o Europeia marca o in\u00edcio de uma nova fase, onde o foco deixa de ser punitivo para se tornar regulador e cooperativo. Este documento estabelece as regras os fabricantes chineses poderem submeter propostas de pre\u00e7os m\u00ednimos de importa\u00e7\u00e3o.<\/p>\n<p>Detalhes do acordo e o impacto no mercado<\/p>\n<p>Esta \u00e9 uma alternativa \u00e0s pesadas taxas aduaneiras que vinham a ser aplicadas. O n\u00facleo deste acordo reside na possibilidade de substituir as tarifas por compromissos de pre\u00e7os. Para que tal seja aceite, os pre\u00e7os m\u00ednimos de importa\u00e7\u00e3o ter\u00e3o de ser definidos de forma a eliminar os efeitos prejudiciais dos subs\u00eddios estatais chineses. <\/p>\n<p><a target=\"_blank\" href=\"https:\/\/pplware.sapo.pt\/wp-content\/uploads\/2026\/01\/europa_china_carros_eletricos_2.jpg\" onclick=\"refreshIframe()\" class=\"foobox\" rel=\"nofollow noopener\"><img loading=\"lazy\" decoding=\"async\" src=\"https:\/\/www.europesays.com\/pt\/wp-content\/uploads\/2026\/01\/europa_china_carros_eletricos_2-1024x576.jpg\" alt=\"Europa China carros el\u00e9tricos acordo\" width=\"720\" height=\"405\" class=\"aligncenter size-large wp-image-1097963\"  \/><\/a><\/p>\n<p>A Comiss\u00e3o Europeia clarificou que cada oferta ser\u00e1 analisada de forma objetiva e justa, respeitando os princ\u00edpios da n\u00e3o discrimina\u00e7\u00e3o e as regras da Organiza\u00e7\u00e3o Mundial do Com\u00e9rcio. \u00c9 relevante notar que os planos de investimento dos fabricantes chineses na Europa ser\u00e3o tamb\u00e9m considerados nesta avalia\u00e7\u00e3o. Esta abertura sugere uma estrat\u00e9gia para incentivar a produ\u00e7\u00e3o local e a integra\u00e7\u00e3o econ\u00f3mica, em vez de um simples bloqueio comercial.<\/p>\n<p>O futuro da mobilidade el\u00e9trica na Europa<\/p>\n<p>A diversidade de modelos e configura\u00e7\u00f5es de ve\u00edculos el\u00e9tricos exigir\u00e1 pre\u00e7os m\u00ednimos espec\u00edficos para cada caso, garantindo que o mercado europeu permanece competitivo mas justo. Este entendimento \u00e9 visto como um sinal positivo para a estabilidade das rela\u00e7\u00f5es comerciais globais. Do lado chin\u00eas, a medida \u00e9 acolhida como ben\u00e9fica n\u00e3o apenas para o desenvolvimento saud\u00e1vel das trocas comerciais, mas tamb\u00e9m para a salvaguarda da ordem comercial internacional.<\/p>\n<p>Para os consumidores europeus e para a ind\u00fastria autom\u00f3vel, este acordo poder\u00e1 significar uma maior previsibilidade nos pre\u00e7os e na oferta de ve\u00edculos. Com a Europa a necessitar de carros el\u00e9tricos acess\u00edveis para cumprir as suas metas clim\u00e1ticas para 2030, a normaliza\u00e7\u00e3o das rela\u00e7\u00f5es com o maior produtor mundial destes ve\u00edculos revela-se uma pe\u00e7a fundamental no xadrez da transi\u00e7\u00e3o energ\u00e9tica.<\/p>\n","protected":false},"excerpt":{"rendered":"A chegada das tarifas sobre os carros el\u00e9tricos vindos da China marcaram os \u00faltimos anos. Isso mudar\u00e1 em&hellip;\n","protected":false},"author":2,"featured_media":227571,"comment_status":"","ping_status":"","sticky":false,"template":"","format":"standard","meta":{"footnotes":""},"categories":[83],"tags":[1836,88,2637,358,89,428,90,445,32,33],"class_list":{"0":"post-227570","1":"post","2":"type-post","3":"status-publish","4":"format-standard","5":"has-post-thumbnail","7":"category-empresas","8":"tag-acordo","9":"tag-business","10":"tag-carros","11":"tag-china","12":"tag-economy","13":"tag-eletricos","14":"tag-empresas","15":"tag-europa","16":"tag-portugal","17":"tag-pt"},"share_on_mastodon":{"url":"https:\/\/pubeurope.com\/@pt\/115890861165013722","error":""},"_links":{"self":[{"href":"https:\/\/www.europesays.com\/pt\/wp-json\/wp\/v2\/posts\/227570","targetHints":{"allow":["GET"]}}],"collection":[{"href":"https:\/\/www.europesays.com\/pt\/wp-json\/wp\/v2\/posts"}],"about":[{"href":"https:\/\/www.europesays.com\/pt\/wp-json\/wp\/v2\/types\/post"}],"author":[{"embeddable":true,"href":"https:\/\/www.europesays.com\/pt\/wp-json\/wp\/v2\/users\/2"}],"replies":[{"embeddable":true,"href":"https:\/\/www.europesays.com\/pt\/wp-json\/wp\/v2\/comments?post=227570"}],"version-history":[{"count":0,"href":"https:\/\/www.europesays.com\/pt\/wp-json\/wp\/v2\/posts\/227570\/revisions"}],"wp:featuredmedia":[{"embeddable":true,"href":"https:\/\/www.europesays.com\/pt\/wp-json\/wp\/v2\/media\/227571"}],"wp:attachment":[{"href":"https:\/\/www.europesays.com\/pt\/wp-json\/wp\/v2\/media?parent=227570"}],"wp:term":[{"taxonomy":"category","embeddable":true,"href":"https:\/\/www.europesays.com\/pt\/wp-json\/wp\/v2\/categories?post=227570"},{"taxonomy":"post_tag","embeddable":true,"href":"https:\/\/www.europesays.com\/pt\/wp-json\/wp\/v2\/tags?post=227570"}],"curies":[{"name":"wp","href":"https:\/\/api.w.org\/{rel}","templated":true}]}}