{"id":227621,"date":"2026-01-14T02:03:13","date_gmt":"2026-01-14T02:03:13","guid":{"rendered":"https:\/\/www.europesays.com\/pt\/227621\/"},"modified":"2026-01-14T02:03:13","modified_gmt":"2026-01-14T02:03:13","slug":"amor-a-prova-carlos-descobre-o-que-amalia-anda-a-esconder-de-david-novelas","status":"publish","type":"post","link":"https:\/\/www.europesays.com\/pt\/227621\/","title":{"rendered":"Amor \u00e0 Prova: Carlos descobre o que Am\u00e1lia anda a esconder de David &#8211; Novelas"},"content":{"rendered":"<p>Em \u00abAmor \u00e0 Prova\u00bb, Am\u00e1lia (Ana Guiomar) cuida dos ferimentos de Carlos (Rodrigo Trindade) e ele tenta perceber como ela sabia onde ele estava. Carlos pergunta-lhe se o anda a seguir para o lixar ou se tem saudades. Am\u00e1lia descai-se sobre David (Diogo Amaral) querer ter um filho e mant\u00e9m a fachada de que tamb\u00e9m quer, mas Carlos n\u00e3o acredita e procura a p\u00edlula que ela deve tomar. Acaba por encontrar. No meio da tens\u00e3o, beijam-se e o clima aquece.<\/p>\n","protected":false},"excerpt":{"rendered":"Em \u00abAmor \u00e0 Prova\u00bb, Am\u00e1lia (Ana Guiomar) cuida dos ferimentos de Carlos (Rodrigo Trindade) e ele tenta perceber&hellip;\n","protected":false},"author":2,"featured_media":227622,"comment_status":"","ping_status":"","sticky":false,"template":"","format":"standard","meta":{"footnotes":""},"categories":[142],"tags":[17049,160,166,114,115,157,167,164,2931,161,158,165,159,32,33,156,163,151,162],"class_list":{"0":"post-227621","1":"post","2":"type-post","3":"status-publish","4":"format-standard","5":"has-post-thumbnail","7":"category-tv","8":"tag-amor-a-prova","9":"tag-ana-guiomar","10":"tag-cristina-ferreira","11":"tag-entertainment","12":"tag-entretenimento","13":"tag-festa-e-festa","14":"tag-ficcao","15":"tag-jose-fidalgo","16":"tag-novela","17":"tag-novelas","18":"tag-para-sempre","19":"tag-pedro-sousa","20":"tag-pedro-teixeira","21":"tag-portugal","22":"tag-pt","23":"tag-queridos-papas","24":"tag-tiago-teotonio-pereira","25":"tag-tv","26":"tag-tvi"},"share_on_mastodon":{"url":"https:\/\/pubeurope.com\/@pt\/115890998816616124","error":""},"_links":{"self":[{"href":"https:\/\/www.europesays.com\/pt\/wp-json\/wp\/v2\/posts\/227621","targetHints":{"allow":["GET"]}}],"collection":[{"href":"https:\/\/www.europesays.com\/pt\/wp-json\/wp\/v2\/posts"}],"about":[{"href":"https:\/\/www.europesays.com\/pt\/wp-json\/wp\/v2\/types\/post"}],"author":[{"embeddable":true,"href":"https:\/\/www.europesays.com\/pt\/wp-json\/wp\/v2\/users\/2"}],"replies":[{"embeddable":true,"href":"https:\/\/www.europesays.com\/pt\/wp-json\/wp\/v2\/comments?post=227621"}],"version-history":[{"count":0,"href":"https:\/\/www.europesays.com\/pt\/wp-json\/wp\/v2\/posts\/227621\/revisions"}],"wp:featuredmedia":[{"embeddable":true,"href":"https:\/\/www.europesays.com\/pt\/wp-json\/wp\/v2\/media\/227622"}],"wp:attachment":[{"href":"https:\/\/www.europesays.com\/pt\/wp-json\/wp\/v2\/media?parent=227621"}],"wp:term":[{"taxonomy":"category","embeddable":true,"href":"https:\/\/www.europesays.com\/pt\/wp-json\/wp\/v2\/categories?post=227621"},{"taxonomy":"post_tag","embeddable":true,"href":"https:\/\/www.europesays.com\/pt\/wp-json\/wp\/v2\/tags?post=227621"}],"curies":[{"name":"wp","href":"https:\/\/api.w.org\/{rel}","templated":true}]}}