{"id":227666,"date":"2026-01-14T02:42:09","date_gmt":"2026-01-14T02:42:09","guid":{"rendered":"https:\/\/www.europesays.com\/pt\/227666\/"},"modified":"2026-01-14T02:42:09","modified_gmt":"2026-01-14T02:42:09","slug":"paul-mescal-e-saida-com-a-namorada-depois-dos-globos-de-ouro-ha-imagens","status":"publish","type":"post","link":"https:\/\/www.europesays.com\/pt\/227666\/","title":{"rendered":"Paul Mescal e sa\u00edda com a namorada depois dos Globos de Ouro. H\u00e1 imagens"},"content":{"rendered":"<p>Paul Mescal e Gracie Abrams seguiram para uma festa depois de terem marcado presen\u00e7a na cerim\u00f3nia de entrega dos pr\u00e9mios Globos de Ouro, como relata a imprensa internacional.\u00a0<\/p>\n<p>O ator, de 29 aos, e a cantora pop, de 26, foram fotografados quando estavam a caminho do Chateau Marmont em Los Angeles, no domingo, dia 11 de janeiro, ap\u00f3s a 83\u00aa edi\u00e7\u00e3o dos Globos de Ouro, onde o filme &#8220;Hamnet&#8221; com Paul Mescal recebeu alguns trof\u00e9us.\u00a0<\/p>\n<p>De m\u00e3os dadas, o casal foi visto a sair de um ve\u00edculo para a festa depois da gala de entrega de pr\u00e9mios. As imagens n\u00e3o tardaram a ser divulgadas na imprensa internacional e tamb\u00e9m a ir parar \u00e0s redes sociais. Veja nas publica\u00e7\u00f5es abaixo.\u00a0<\/p>\n<blockquote class=\"twitter-tweet\"><p>&#13;<\/p>\n<p dir=\"ltr\" lang=\"tr\">Gracie Abrams ve Paul Mescal, Los Angeles&#8217;taki Chateau Marmont&#8217;taki Alt\u0131n K\u00fcre sonras\u0131 partiye gelirken g\u00f6r\u00fcld\u00fc. <a href=\"https:\/\/t.co\/FTiXwn4j77\" rel=\"nofollow\">pic.twitter.com\/FTiXwn4j77<\/a><\/p>\n<p>&#13;<br \/>\n                                                    \u2014 Gracie Abrams T\u00fcrkiye (@grabramsnewstr) <a href=\"https:\/\/twitter.com\/grabramsnewstr\/status\/2010984238477426704?ref_src=twsrc%5Etfw\" rel=\"nofollow noopener\" target=\"_blank\">January 13, 2026<\/a><\/p><\/blockquote>\n<p>De recordar que em &#8220;Hamnet&#8221;, Paul Mescal interpreta William Shakespeare. O filme recebeu o pr\u00e9mio de Melhor Filme Dram\u00e1tico e Melhor Atriz em Filme Dram\u00e1tico (dado a Jessie Buckley).\u00a0<\/p>\n<p>Paul Mescal estava nomeado para a categoria de Melhor Ator Secund\u00e1rio em Filme pela sua atua\u00e7\u00e3o em &#8220;Hamnet&#8221;, mas o pr\u00e9mio foi para Stellan Skarsg\u00e5rd, pelo trabalho em &#8220;Valor Sentimental&#8221;.<\/p>\n<p>                                                    Timoth\u00e9e nos Globos de Ouro. Beijos e men\u00e7\u00e3o de Kylie Jenner em discurso<\/p>\n<p>De recordar que Timoth\u00e9e Chalamet foi um dos grandes vencedores da noite. O ator levou para casa o pr\u00e9mio de Melhor Ator em Filme musical ou com\u00e9dia, dos Globos de Ouro, pelo filme &#8220;Marty Supreme&#8221;.<\/p>\n<p>Na gala contou com a presen\u00e7a da namorada, Kylie Jenner, que foi mencionada no discurso de agradecimento e com quem festejo a vit\u00f3ria assim que ouviu o seu nome anunciado como vencedor do trof\u00e9u.\u00a0<\/p>\n<p>                                                    <img decoding=\"async\" height=\"640\" with=\"360\" src=\"https:\/\/www.europesays.com\/pt\/wp-content\/uploads\/2026\/01\/naom_6964e2277c1a4.jpg\" border=\"0\" alt=\"Timoth\u00e9e nos Globos de Ouro. Beijos e men\u00e7\u00e3o de Kylie Jenner em discurso\"\/><\/p>\n<p>O ator Timoth\u00e9e Chalamet levou para casa o pr\u00e9mio de Melhor Ator em Filme musical ou com\u00e9dia, dos Globos de Ouro, pelo filme &#8220;Marty Supreme&#8221;. O grande momentos contou com a presen\u00e7a da namorada, Kylie Jenner e no discurso tamb\u00e9m a mencionou.<\/p>\n<p>                                                     Not\u00edcias ao Minuto | 22:01 &#8211; 12\/01\/2026 <\/p>\n<p>                                                    Leonardo DiCaprio: As piadas por namorar com mulheres mais jovens e o seu lado mais descontra\u00eddo<\/p>\n<p>O ator Leonardo DiCaprio tamb\u00e9m esteve em destaque nos Globos de Ouro, n\u00e3o por ter vencido o pr\u00e9mio de Melhor Ator em Filme de Com\u00e9dia ou Musical pelo seu papel principal em &#8220;One Battle After Another&#8221; (&#8220;Batalha Atr\u00e1s de Batalha&#8221;), para o qual estava nomeado, mas sim por momentos marcantes durante o evento.\u00a0<\/p>\n<p>Num v\u00eddeo partilhado pelo rep\u00f3rter do The New York Times, Kyle Buchanan, e que foi gravado durante o evento, o ator pode ser visto muito animado enquanto interagia com outra estrela num intervalo. Leonardo DiCaprio \u00e9 visto a rir-se enquanto falava com a outra pessoa, que n\u00e3o aparece no v\u00eddeo, mas era evidente que eram pr\u00f3ximos. E desta forma mostrou o seu lado mais expressivo, algo que os f\u00e3s n\u00e3o est\u00e3o habituados a ver.\u00a0<\/p>\n<p>                                                    <img decoding=\"async\" height=\"640\" with=\"360\" src=\"https:\/\/www.europesays.com\/pt\/wp-content\/uploads\/2026\/01\/naom_6964ee1467e50.jpg\" border=\"0\" alt=\"Globos de Ouro. O lado descontra\u00eddo de DiCaprio (talvez nunca visto)\"\/><\/p>\n<p>O ator Leonardo DiCaprio foi uma das grandes estrelas que marcaram presen\u00e7a nos Globos de Ouro e acabou por se destacar pelo seu lado mais descontra\u00eddo nos bastidores da gala, que provavelmente muito poucos conheciam.<\/p>\n<p>                                                     Not\u00edcias ao Minuto | 12:52 &#8211; 12\/01\/2026 <\/p>\n<p>Leonardo DiCaprio foi ainda alvo de Nikki Glaser, que ficou respons\u00e1vel pela parte humor\u00edstica dos Globos de Ouro deste ano.\u00a0<\/p>\n<p>A humorista, de 41 anos, come\u00e7ou por destacar a presen\u00e7a do ator na cerim\u00f3nia, real\u00e7ando a sua carreira com &#8220;in\u00fameras atua\u00e7\u00f5es ic\u00f3nicas&#8221;, e n\u00e3o tardou a fazer piada com o facto de namorar com jovens mulheres.\u00a0<\/p>\n<p>&#8220;Trabalhou com todos os grandes realizadores, ganhou tr\u00eas Globos de Ouro, um \u00d3scar e o mais impressionante \u00e9 que conseguiu tudo isto antes da sua namorada completar 30 anos&#8221;, brincou a comediante enquanto Leonardo DiCaprio, de 51 anos, ria e olhava para baixo.\u00a0<\/p>\n<p>                                                    <img decoding=\"async\" height=\"640\" with=\"360\" src=\"https:\/\/www.europesays.com\/pt\/wp-content\/uploads\/2026\/01\/naom_6964f92a7e832.jpg\" border=\"0\" alt=\"Leonardo DiCaprio alvo de piadas por namorar com mulheres mais jovens\"\/><\/p>\n<p>Nikki Glaser, a comediante anfitri\u00e3 dos Globos de Ouro de 2026, fez piadas com Leonardo DiCaprio, tendo brincado, sobretudo, com o facto de o ator ter rela\u00e7\u00f5es com mulheres mais jovens.<\/p>\n<p>                                                     Not\u00edcias ao Minuto | 20:02 &#8211; 12\/01\/2026 <\/p>\n<p>                                            <script async src=\"https:\/\/platform.twitter.com\/widgets.js\" charset=\"utf-8\"><\/script><\/p>\n","protected":false},"excerpt":{"rendered":"Paul Mescal e Gracie Abrams seguiram para uma festa depois de terem marcado presen\u00e7a na cerim\u00f3nia de entrega&hellip;\n","protected":false},"author":2,"featured_media":227667,"comment_status":"","ping_status":"","sticky":false,"template":"","format":"standard","meta":{"footnotes":""},"categories":[145],"tags":[211,210,114,115,32,33],"class_list":{"0":"post-227666","1":"post","2":"type-post","3":"status-publish","4":"format-standard","5":"has-post-thumbnail","7":"category-celebridades","8":"tag-celebridades","9":"tag-celebrities","10":"tag-entertainment","11":"tag-entretenimento","12":"tag-portugal","13":"tag-pt"},"share_on_mastodon":{"url":"https:\/\/pubeurope.com\/@pt\/115891152322850488","error":""},"_links":{"self":[{"href":"https:\/\/www.europesays.com\/pt\/wp-json\/wp\/v2\/posts\/227666","targetHints":{"allow":["GET"]}}],"collection":[{"href":"https:\/\/www.europesays.com\/pt\/wp-json\/wp\/v2\/posts"}],"about":[{"href":"https:\/\/www.europesays.com\/pt\/wp-json\/wp\/v2\/types\/post"}],"author":[{"embeddable":true,"href":"https:\/\/www.europesays.com\/pt\/wp-json\/wp\/v2\/users\/2"}],"replies":[{"embeddable":true,"href":"https:\/\/www.europesays.com\/pt\/wp-json\/wp\/v2\/comments?post=227666"}],"version-history":[{"count":0,"href":"https:\/\/www.europesays.com\/pt\/wp-json\/wp\/v2\/posts\/227666\/revisions"}],"wp:featuredmedia":[{"embeddable":true,"href":"https:\/\/www.europesays.com\/pt\/wp-json\/wp\/v2\/media\/227667"}],"wp:attachment":[{"href":"https:\/\/www.europesays.com\/pt\/wp-json\/wp\/v2\/media?parent=227666"}],"wp:term":[{"taxonomy":"category","embeddable":true,"href":"https:\/\/www.europesays.com\/pt\/wp-json\/wp\/v2\/categories?post=227666"},{"taxonomy":"post_tag","embeddable":true,"href":"https:\/\/www.europesays.com\/pt\/wp-json\/wp\/v2\/tags?post=227666"}],"curies":[{"name":"wp","href":"https:\/\/api.w.org\/{rel}","templated":true}]}}