{"id":227687,"date":"2026-01-14T03:00:17","date_gmt":"2026-01-14T03:00:17","guid":{"rendered":"https:\/\/www.europesays.com\/pt\/227687\/"},"modified":"2026-01-14T03:00:17","modified_gmt":"2026-01-14T03:00:17","slug":"estreia-da-jovem-pan-news-em-goias-e-confirmada-para-19-de-janeiro","status":"publish","type":"post","link":"https:\/\/www.europesays.com\/pt\/227687\/","title":{"rendered":"Estreia da Jovem Pan News em Goi\u00e1s \u00e9 confirmada para 19 de janeiro"},"content":{"rendered":"<p>A data de estreia da primeira afiliada da <strong>Jovem Pan News em Goi\u00e1s<\/strong>\u00a0foi confirmada. Inicialmente prevista para o \u00faltimo dia 22 de dezembro, a futura <strong>Jovem Pan News FM 105.7 de An\u00e1polis (GO)<\/strong> ter\u00e1 sua estreia oficial realizada em <strong>19 de janeiro<\/strong>. Com a novidade, a rede ter\u00e1 presen\u00e7a na \u00e1rea mais populosa do territ\u00f3rio goiano, alcan\u00e7ando tamb\u00e9m a\u00a0<strong>Grande Goi\u00e2nia<\/strong>\u00a0e o\u00a0<strong>Entorno do Distrito Federal<\/strong>. A\u00a0\u00faltima inaugura\u00e7\u00e3o da rede jornal\u00edstica do Grupo Jovem Pan em 2025 foi a da <a href=\"https:\/\/tudoradio.com\/noticias\/ver\/34182-rede-jovem-pan-news-estreia-na-zona-da-mata-mineira-e-grupo-avanca-com-novas-afiliadas-pelo-pais\" rel=\"nofollow noopener\" target=\"_blank\"><strong>Jovem Pan News FM 105.7 de Cataguases<\/strong>,<\/a> na Zona da Mata Mineira, ocorrida no dia 16 de dezembro, ampliando a presen\u00e7a da marca em Minas Gerais. E tamb\u00e9m existe o processo de<strong> expans\u00e3o da Jovem Pan News pelo estado do Rio de Janeiro<\/strong>, em datas a serem definidas.<\/p>\n<p>Atualmente, a <strong>105.7 FM<\/strong> segue no ar com uma programa\u00e7\u00e3o musical de formato popular\/sertanejo, identificando-se apenas como <strong>FM 105.7<\/strong>, sem nome fantasia definido. Segundo apurado pelo <strong>tudoradio.com<\/strong>, o adiamento ocorreu em fun\u00e7\u00e3o da fase final de montagem dos est\u00fadios que ir\u00e3o abrigar a opera\u00e7\u00e3o da nova afiliada. Agora, de acordo com a rede, a Jovem Pan News assumir\u00e1 o canal em definitivo a partir da pr\u00f3xima segunda-feira.<\/p>\n<p>A cobertura de sinal da futura Jovem Pan News FM 105.7, que atinge a Grande Goi\u00e2nia, ir\u00e1 encontrar no Entorno do Distrito Federal a <a href=\"https:\/\/tudoradio.com\/noticias\/ver\/31915-jovem-pan-news-estreia-de-forma-definitiva-no-dial-fm-de-brasilia\" rel=\"nofollow noopener\" target=\"_blank\"><strong>Jovem Pan News FM 107.5 de Bras\u00edlia<\/strong><\/a>, emissora pr\u00f3pria do Grupo Jovem Pan que est\u00e1 no ar em FM desde 2024.<\/p>\n<p style=\"text-align:center\"><img decoding=\"async\" alt=\"\" src=\"https:\/\/www.europesays.com\/pt\/wp-content\/uploads\/2026\/01\/6949508da592c.png\" style=\"height:300px; width:330px\" \/><\/p>\n<p><strong>Rede em expans\u00e3o<\/strong><\/p>\n<p>No estado do <strong>Rio de Janeiro<\/strong>, tamb\u00e9m houve ajustes no cronograma de estreias. As futuras <strong>Jovem Pan News FM 90.7<\/strong> e <strong>Jovem Pan FM 95.3<\/strong>, ambas voltadas \u00e0 capital fluminense, al\u00e9m da <strong>Jovem Pan FM 100.1 de Volta Redonda<\/strong> e <strong>Jovem Pan News FM 91.9 de Campos dos Goytacazes<\/strong>, estavam inicialmente previstas para 10 de janeiro, mas tiveram suas datas adiadas. De acordo com informa\u00e7\u00f5es obtidas pelo <strong>tudoradio.com<\/strong>, as emissoras est\u00e3o em fase final de montagem de suas estruturas locais, o que exigir\u00e1 a defini\u00e7\u00e3o de novas datas para o in\u00edcio oficial das transmiss\u00f5es.<\/p>\n<p>\u00a0<\/p>\n<p><strong>+\u00a0<a href=\"https:\/\/tudoradio.com\/noticias\/ver\/34254-redes-da-jovem-pan-preparam-sequencia-de-estreias-ja-a-partir-deste-mes-de-janeiro-rio-de-janeiro-esta-entre-as-novidades\" rel=\"nofollow noopener\" target=\"_blank\">Redes da Jovem Pan preparam sequ\u00eancia de estreias j\u00e1 a partir deste m\u00eas de janeiro; Rio de Janeiro est\u00e1 entre as novidades<\/a><\/strong><\/p>\n<p>Vale lembrar que a <strong>Jovem Pan FM 96.5 de Campos dos Goytacazes<\/strong>, primeira desta nova leva de expans\u00e3o da marca no estado, j\u00e1 est\u00e1 no ar desde dezembro, consolidando a presen\u00e7a do grupo na regi\u00e3o Norte Fluminense.<\/p>\n<p>No interior paulista, a futura <strong>Jovem Pan News FM 107.1 de Avar\u00e9<\/strong> tamb\u00e9m est\u00e1 entre as pr\u00f3ximas afiliadas anunciadas publicamente e dever\u00e1 ter sua data de estreia definida em breve. A rede jornal\u00edstica do Grupo Jovem Pan segue ainda com outras poss\u00edveis novas parceiras em negocia\u00e7\u00e3o, que poder\u00e3o ser oficializadas neste in\u00edcio de 2026.<\/p>\n<p>As redes do <strong>Grupo Jovem Pan<\/strong> v\u00eam passando por um processo de expans\u00e3o acelerado. Desde janeiro do ano passado, mais de 20 emissoras foram inauguradas entre as tr\u00eas bandeiras do grupo \u2014 <strong>Jovem Pan FM, Jovem Pan News e Classic Pan<\/strong>. As \u00faltimas inaugura\u00e7\u00f5es ocorreram em dezembro, com a j\u00e1 citada entrada da <strong>Jovem Pan FM 96.5 de Campos dos Goytacazes<\/strong>, a <strong>Jovem Pan FM 99.5 de Araraquara<\/strong> e a migra\u00e7\u00e3o de bandeira da <strong>Jovem Pan News FM 105.7 de Cataguases<\/strong>, em Minas Gerais.<\/p>\n<p>Com as novas emissoras, a Rede Jovem Pan News passa por um forte processo de expans\u00e3o nacional. De janeiro deste ano at\u00e9 o come\u00e7o de 2026 dever\u00e3o ser 13\u00a0novas emissoras em sua rede. J\u00e1\u00a0<a href=\"https:\/\/tudoradio.com\/noticias\/ver\/34120-entre-estreias-e-anuncios-grupo-jovem-pan-conta-com-24-novas-afiliadas-entre-2025-e-2026-em-suas-tres-redes-nacionais\" rel=\"nofollow noopener\" target=\"_blank\"><strong>o Grupo Jovem Pan est\u00e1 adicionado\u00a024 novas emissoras neste mesmo per\u00edodo, considerando as suas tr\u00eas redes<\/strong><\/a>.<\/p>\n<p><strong>Leia mais:<\/strong><br \/>&#13;<br \/>\n&gt;\u00a0<strong><a href=\"https:\/\/tudoradio.com\/noticias\/ver\/34143-jovem-pan-news-tem-data-de-estreia-prevista-em-goias-rede-sera-inaugurada-no-dia-22\" rel=\"nofollow noopener\" target=\"_blank\">Jovem Pan News tem data de estreia prevista em Goi\u00e1s; Rede ser\u00e1 inaugurada no dia 22<\/a><\/strong><br \/>&#13;<br \/>\n&gt;\u00a0<strong><a href=\"https:\/\/tudoradio.com\/noticias\/ver\/34182-rede-jovem-pan-news-estreia-na-zona-da-mata-mineira-e-grupo-avanca-com-novas-afiliadas-pelo-pais\" rel=\"nofollow noopener\" target=\"_blank\">Rede Jovem Pan News estreia na Zona da Mata Mineira e grupo avan\u00e7a com novas afiliadas pelo pa\u00eds<\/a><\/strong><br \/>&#13;<br \/>\n&gt;\u00a0<a href=\"https:\/\/tudoradio.com\/noticias\/ver\/34120-entre-estreias-e-anuncios-grupo-jovem-pan-conta-com-24-novas-afiliadas-entre-2025-e-2026-em-suas-tres-redes-nacionais\" rel=\"nofollow noopener\" target=\"_blank\"><strong>Entre estreias e an\u00fancios, Grupo Jovem Pan conta com 24 novas afiliadas entre 2025 e 2026 em suas tr\u00eas redes nacionais<\/strong><\/a><br \/>&#13;<br \/>\n&gt;\u00a0<a href=\"https:\/\/tudoradio.com\/noticias\/ver\/34106-jovem-pan-fm-e-jovem-pan-news-devem-inaugurar-afiliadas-no-rio-de-janeiro-capital-recebe-as-duas-redes\" rel=\"nofollow noopener\" target=\"_blank\"><strong>Jovem Pan FM e Jovem Pan News devem inaugurar afiliadas no Rio de Janeiro; capital recebe as duas redes<\/strong><\/a><\/p>\n<p>&#13;<br \/>\n\t\t\t\tTags:&#13;<br \/>\n\t\t\t\t jovem pan news, an\u00e1polis, goi\u00e1s, expans\u00e3o de rede, r\u00e1dio jornalismo, fm 105.7, afiliadas jovem pan, estreia adiada&#13;\n\t\t\t<\/p>\n","protected":false},"excerpt":{"rendered":"A data de estreia da primeira afiliada da Jovem Pan News em Goi\u00e1s\u00a0foi confirmada. Inicialmente prevista para o&hellip;\n","protected":false},"author":2,"featured_media":227688,"comment_status":"","ping_status":"","sticky":false,"template":"","format":"standard","meta":{"footnotes":""},"categories":[141],"tags":[43792,41845,114,115,43793,27189,43791,2553,28212,149,150,32,33,28214],"class_list":{"0":"post-227687","1":"post","2":"type-post","3":"status-publish","4":"format-standard","5":"has-post-thumbnail","7":"category-musica","8":"tag-afiliadas-jovem-pan","9":"tag-anapolis","10":"tag-entertainment","11":"tag-entretenimento","12":"tag-estreia-adiada","13":"tag-expansao-de-rede","14":"tag-fm-105-7","15":"tag-goias","16":"tag-jovem-pan-news","17":"tag-music","18":"tag-musica","19":"tag-portugal","20":"tag-pt","21":"tag-radio-jornalismo"},"share_on_mastodon":{"url":"https:\/\/pubeurope.com\/@pt\/115891223255880142","error":""},"_links":{"self":[{"href":"https:\/\/www.europesays.com\/pt\/wp-json\/wp\/v2\/posts\/227687","targetHints":{"allow":["GET"]}}],"collection":[{"href":"https:\/\/www.europesays.com\/pt\/wp-json\/wp\/v2\/posts"}],"about":[{"href":"https:\/\/www.europesays.com\/pt\/wp-json\/wp\/v2\/types\/post"}],"author":[{"embeddable":true,"href":"https:\/\/www.europesays.com\/pt\/wp-json\/wp\/v2\/users\/2"}],"replies":[{"embeddable":true,"href":"https:\/\/www.europesays.com\/pt\/wp-json\/wp\/v2\/comments?post=227687"}],"version-history":[{"count":0,"href":"https:\/\/www.europesays.com\/pt\/wp-json\/wp\/v2\/posts\/227687\/revisions"}],"wp:featuredmedia":[{"embeddable":true,"href":"https:\/\/www.europesays.com\/pt\/wp-json\/wp\/v2\/media\/227688"}],"wp:attachment":[{"href":"https:\/\/www.europesays.com\/pt\/wp-json\/wp\/v2\/media?parent=227687"}],"wp:term":[{"taxonomy":"category","embeddable":true,"href":"https:\/\/www.europesays.com\/pt\/wp-json\/wp\/v2\/categories?post=227687"},{"taxonomy":"post_tag","embeddable":true,"href":"https:\/\/www.europesays.com\/pt\/wp-json\/wp\/v2\/tags?post=227687"}],"curies":[{"name":"wp","href":"https:\/\/api.w.org\/{rel}","templated":true}]}}