{"id":227691,"date":"2026-01-14T03:02:08","date_gmt":"2026-01-14T03:02:08","guid":{"rendered":"https:\/\/www.europesays.com\/pt\/227691\/"},"modified":"2026-01-14T03:02:08","modified_gmt":"2026-01-14T03:02:08","slug":"bellingham-recusa-tensao-com-xabi-alonso-que-monte-de-tretas","status":"publish","type":"post","link":"https:\/\/www.europesays.com\/pt\/227691\/","title":{"rendered":"Bellingham recusa tens\u00e3o com Xabi Alonso: \u00abQue monte de tretas\u00bb"},"content":{"rendered":"<p><a target=\"_blank\" class=\"editor-link autolink-enabled\" href=\"https:\/\/www.abola.pt\/futebol\/jogador\/jude-bellingham-212085\" data-resource-id=\"212085\" data-resource-type=\"player\" data-sport=\"football\" rel=\"nofollow noopener\">Jude Bellingham<\/a> reagiu de forma explosiva aos rumores de alegadas tens\u00f5es no balne\u00e1rio do <a target=\"_blank\" class=\"editor-link autolink-enabled\" href=\"https:\/\/www.abola.pt\/futebol\/real-madrid-204\" data-resource-id=\"204\" data-resource-type=\"team\" data-sport=\"football\" rel=\"nofollow noopener\">Real Madrid<\/a> relacionadas com Xabi Alonso, treinador que foi despedido na passada segunda-feira. O m\u00e9dio ingl\u00eas recorreu \u00e0 sua aplica\u00e7\u00e3o JB5 para desmentir as informa\u00e7\u00f5es que davam conta de uma quebra na rela\u00e7\u00e3o entre o t\u00e9cnico e o plantel merengue, classificando-as como falsas e prejudiciais.<\/p>\n<p>\u00abAt\u00e9 agora deixei passar demasiadas destas hist\u00f3rias, sempre na esperan\u00e7a de que a verdade acabasse por vir ao de cima. Mas, honestamente\u2026 que monte de tretas. Sinto mesmo pena das pessoas que acreditam em cada palavra destes palha\u00e7os e das suas fontes\u00bb, escreveu o ingl\u00eas, rejeitando de forma clara a ideia de um plantel dividido.<\/p>\n<p>\u00abDe vez em quando, esta gente tem de ser responsabilizada por espalhar este tipo de desinforma\u00e7\u00e3o prejudicial apenas por cliques e pol\u00e9mica\u00bb, terminou.<\/p>\n","protected":false},"excerpt":{"rendered":"Jude Bellingham reagiu de forma explosiva aos rumores de alegadas tens\u00f5es no balne\u00e1rio do Real Madrid relacionadas com&hellip;\n","protected":false},"author":2,"featured_media":227692,"comment_status":"","ping_status":"","sticky":false,"template":"","format":"standard","meta":{"footnotes":""},"categories":[87],"tags":[135,32,33,134],"class_list":{"0":"post-227691","1":"post","2":"type-post","3":"status-publish","4":"format-standard","5":"has-post-thumbnail","7":"category-desporto","8":"tag-desporto","9":"tag-portugal","10":"tag-pt","11":"tag-sports"},"share_on_mastodon":{"url":"https:\/\/pubeurope.com\/@pt\/115891230698159846","error":""},"_links":{"self":[{"href":"https:\/\/www.europesays.com\/pt\/wp-json\/wp\/v2\/posts\/227691","targetHints":{"allow":["GET"]}}],"collection":[{"href":"https:\/\/www.europesays.com\/pt\/wp-json\/wp\/v2\/posts"}],"about":[{"href":"https:\/\/www.europesays.com\/pt\/wp-json\/wp\/v2\/types\/post"}],"author":[{"embeddable":true,"href":"https:\/\/www.europesays.com\/pt\/wp-json\/wp\/v2\/users\/2"}],"replies":[{"embeddable":true,"href":"https:\/\/www.europesays.com\/pt\/wp-json\/wp\/v2\/comments?post=227691"}],"version-history":[{"count":0,"href":"https:\/\/www.europesays.com\/pt\/wp-json\/wp\/v2\/posts\/227691\/revisions"}],"wp:featuredmedia":[{"embeddable":true,"href":"https:\/\/www.europesays.com\/pt\/wp-json\/wp\/v2\/media\/227692"}],"wp:attachment":[{"href":"https:\/\/www.europesays.com\/pt\/wp-json\/wp\/v2\/media?parent=227691"}],"wp:term":[{"taxonomy":"category","embeddable":true,"href":"https:\/\/www.europesays.com\/pt\/wp-json\/wp\/v2\/categories?post=227691"},{"taxonomy":"post_tag","embeddable":true,"href":"https:\/\/www.europesays.com\/pt\/wp-json\/wp\/v2\/tags?post=227691"}],"curies":[{"name":"wp","href":"https:\/\/api.w.org\/{rel}","templated":true}]}}