{"id":227695,"date":"2026-01-14T03:05:12","date_gmt":"2026-01-14T03:05:12","guid":{"rendered":"https:\/\/www.europesays.com\/pt\/227695\/"},"modified":"2026-01-14T03:05:12","modified_gmt":"2026-01-14T03:05:12","slug":"fosseis-apontam-para-ancestral-africano-do-homo-sapiens-observador","status":"publish","type":"post","link":"https:\/\/www.europesays.com\/pt\/227695\/","title":{"rendered":"F\u00f3sseis apontam para ancestral africano do Homo sapiens \u2013 Observador"},"content":{"rendered":"<p>Numa gruta em Casablanca, a \u201cGrotte \u00e0 Hominid\u00e9s\u201d (Caverna dos Homin\u00eddeos), foram desenterrados f\u00f3sseis de ossos e dentes que podem trazer uma nova luz sobre a teoria da evolu\u00e7\u00e3o, colmatando a \u201clacuna no registo f\u00f3ssil de \u00c1frica\u201d. Com 773 mil anos (com uma margem de erro de 4.000 anos), estes fragmentos encontrados em Marrocos apontam para um ancestral do Homo sapiens mais antigo. Ou seja, poder\u00e3o ter sido encontrados os antepassados mais pr\u00f3ximos da esp\u00e9cie humana, que seriam africanos, conclui um estudo publicado na <a href=\"https:\/\/www.nature.com\/articles\/s41586-025-09914-y\" rel=\"nofollow noopener\" target=\"_blank\">revista Nature <\/a>\u00a0na semana passada.<\/p>\n<p>A equipa internacionl de investigadores considera que os f\u00f3sseis podem representar uma popula\u00e7\u00e3o africana que existiu pouco antes da separa\u00e7\u00e3o evolutiva das linhagens que deram origem ao <strong>Homo sapiens<\/strong>\u00a0em \u00c1frica e aos dois homin\u00edneos intimamente relacionados \u2013 os\u00a0<strong>neandertais<\/strong>\u00a0e os\u00a0<strong>denisovanos<\/strong>\u00a0\u2013 que habitaram a Eur\u00e1sia.<\/p>\n<p>\u201cEu seria cauteloso em cham\u00e1-los de \u2018o \u00faltimo ancestral comum\u2019, mas \u00e9 plaus\u00edvel que sejam pr\u00f3ximos das popula\u00e7\u00f5es das quais acabaram por emergir as linhagens africanas (Homo sapiens) e eurasi\u00e1ticas (neandertais e denisovanos)\u201d, disse o paleoantrop\u00f3logo Jean-Jacques Hublin, do Coll\u00e8ge de France, em Paris, e do <a href=\"https:\/\/mjcc.gov.ma\/fr\/des-fossiles-humains-mis-au-jour-a-casablanca-au-maroc-apportent-uneclairage-inedit-sur-une-periode-cle-de-levolution-humaine\/\" rel=\"nofollow noopener\" target=\"_blank\">Instituto Max Planck de Antropologia Evolutiva,<\/a> na Alemanha, autor principal da investiga\u00e7\u00e3o.<\/p>\n<blockquote class=\"twitter-tweet\" data-width=\"500\" data-dnt=\"true\">\n<p lang=\"fr\" dir=\"ltr\">773Ka\u2026 It was a special moment back in 2024 holding the original hominin mandible from Grotte \u00e0 Hominid\u00e9s of Thomas Quarry I in Casablanca, Morocco. Our possible last common ancestor. <a href=\"https:\/\/t.co\/jOtSANJI0F\" rel=\"nofollow\">https:\/\/t.co\/jOtSANJI0F<\/a> <a href=\"https:\/\/t.co\/g3WseyDbtt\" rel=\"nofollow\">pic.twitter.com\/g3WseyDbtt<\/a><\/p>\n<p>\u2014 Meryem (@BenerradiMeryem) <a href=\"https:\/\/twitter.com\/BenerradiMeryem\/status\/2009727610469687651?ref_src=twsrc%5Etfw\" rel=\"nofollow noopener\" target=\"_blank\">January 9, 2026<\/a><\/p>\n<\/blockquote>\n<p>Os restos mortais \u2014 descobertos e desenterrados em 2008 no s\u00edtio arqueol\u00f3gico Thomas Quarry I, em Casablanca \u2014 contam com duas mand\u00edbulas de adultos, uma praticamente intacta, e uma de crian\u00e7a, um f\u00e9mur e v\u00e1rios dentes e v\u00e9rtebras. Estavam numa caverna que os investigadores pensam que seria um covil de predadores que os homin\u00eddeos usavam apenas ocasionalmente (deixaram para tr\u00e1s ferramentas de pedra t\u00edpicas da ind\u00fastria acheulense). Prova disso \u00e9 que o f\u00e9mur de um deles tinha vest\u00edgios de mordidas que sugerem que possa ter sido ca\u00e7ado ou devorado por uma hiena.<\/p>\n<p>Os ossos e dentes mostram \u201cum mosaico de tra\u00e7os primitivos e derivados, coerente com uma diferencia\u00e7\u00e3o evolutiva j\u00e1 em curso durante este per\u00edodo,<strong> refor\u00e7ando uma profunda ancestralidade africana para a linhagem do Homo sapiens\u201d<\/strong>, acrescentou Hublin.<\/p>\n<p>        <img src=\"https:\/\/www.europesays.com\/pt\/wp-content\/uploads\/2026\/01\/captura-de-ecra-2026-01-12-as-192738.jpg\" alt=\"Mand\u00c3\u00adbulas, dentes e v\u00c3\u00a9rtebras descobertos em Casablanca e divulgados na revista Nature\" loading=\"lazy\" decoding=\"async\" class=\"\" onload=\"this.parentElement.classList.remove('spinner')\" onerror=\"this.parentElement.classList.remove('spinner')\" width=\"1440\" height=\"1353\"\/><br \/>\n    Early hominins from Morocco basal to the Homo sapiens lineage\/ Nature<\/p>\n<p class=\"wp-caption-text\">Mand\u00edbulas, dentes e v\u00e9rtebras descobertos em Casablanca e divulgados na revista Nature<\/p>\n<p>Curiosamente, os f\u00f3sseis mais antigos conhecidos de Homo sapiens, datados de cerca de 315.000 anos, tamb\u00e9m foram encontrados em Marrocos, num s\u00edtio arqueol\u00f3gico chamado\u00a0Jebel Irhoud. Mas acredita-se que os antepassados tenham divergido muito antes \u2014 entre h\u00e1 750 mil e 550 mil anos \u2014 das linhagens euro-asi\u00e1ticas que deram origem aos neandertais e aos denisovanos, dois dos primos dos j\u00e1 extintos.<\/p>\n<p>At\u00e9 ent\u00e3o, os principais f\u00f3sseis de homin\u00eddeos arcaicos deste per\u00edodo no \u2018Velho Mundo\u2019 ocidental tinham sido encontrado na Gran Dolina, em Atapuerca, Espanha, representando uma esp\u00e9cie humana conhecida como Homo antecessor. Os da Grotte \u00e0 Hominid\u00e9s t\u00eam aproximadamente a mesma idade dos de Atapuerca, mas Matt Skinner, co-autor do estudo, sustenta, <a href=\"https:\/\/www.eva.mpg.de\/press\/news\/article\/early-hominins-from-morocco-reveal-an-african-lineage-near-the-root-of-homo-sapiens\/\" rel=\"nofollow noopener\" target=\"_blank\">em comunicado<\/a> divulgado pelo Instituto Max Planck de Antropologia Evolutiva, que os f\u00f3sseis descobertos em Casablanca n\u00e3o t\u00eam semelhan\u00e7as nem com o Homo erectus, nem com o Homo antecessor.<\/p>\n<p>Embora intimamente relacionados, os f\u00f3sseis marroquinos e espanh\u00f3is n\u00e3o s\u00e3o totalmente iguais, um sinal de \u201cpopula\u00e7\u00f5es que est\u00e3o em processo de separa\u00e7\u00e3o e diferencia\u00e7\u00e3o\u201d, acrescentou tamb\u00e9m o paleoantrop\u00f3logo Hublin \u00e0 ag\u00eancia France-Presse (AFP).<\/p>\n<blockquote class=\"wp-embedded-content\" data-secret=\"dGLsGrDIJy\">\n<p><a href=\"https:\/\/observador.pt\/2025\/03\/12\/pink-a-especie-mais-antiga-de-humanos-na-europa-ocidental-descoberta-na-peninsula-iberica\/\" rel=\"nofollow noopener\" target=\"_blank\">Pink, a esp\u00e9cie mais antiga de humanos na Europa Ocidental descoberta na Pen\u00ednsula Ib\u00e9rica<\/a><\/p>\n<\/blockquote>\n<p>Para os cientistas, os f\u00f3sseis encontrados em Casablanca podem representar uma forma evolu\u00edda da esp\u00e9cie humana arcaica Homo erectus, que ter\u00e1 surgido h\u00e1 cerca de 1,9 milh\u00f5es de anos em \u00c1frica e mais tarde se ter\u00e1 espalhado pela Eur\u00e1sia.<\/p>\n<p>J\u00e1 o Homo antecessor, com aproximadamente 800.000 anos, combinava caracter\u00edsticas que faziam lembrar o Homo erectus com outras semelhantes \u00e0s do Homo sapiens e dos neandertais\/denisovanos. Isto levou \u00e0 hip\u00f3tese, bastante debatida, de que o Homo sapiens teria tido origem fora de \u00c1frica antes de para l\u00e1 regressar.<\/p>\n<p>        <img src=\"https:\/\/www.europesays.com\/pt\/wp-content\/uploads\/2026\/01\/mandibula-2.webp.jpeg\" alt=\"Mand\u00c3\u00adbula encontrada no s\u00c3\u00adtio arqueol\u00c3\u00b3gico Thomas Quarry I, em Marrocos \" loading=\"lazy\" decoding=\"async\" class=\"\" onload=\"this.parentElement.classList.remove('spinner')\" onerror=\"this.parentElement.classList.remove('spinner')\" width=\"1944\" height=\"2592\"\/><br \/>\n    J.P. Raynal\/Programa da Pr\u00e9-hist\u00f3ria de Casablanca<\/p>\n<p class=\"wp-caption-text\">Mand\u00edbula encontrada no s\u00edtio arqueol\u00f3gico Thomas Quarry I, em Marrocos<\/p>\n<p>Havia uma \u201clacuna no registo f\u00f3ssil de \u00c1frica\u201d, explicou \u00e0 AFP Jean-Jacques Hublin. Este estudo preenche esta lacuna ao datar os f\u00f3sseis da \u201cCaverna dos Homin\u00eddeos\u201d, descoberta em 1969 em Casablanca, na costa atl\u00e2ntica de Marrocos.<\/p>\n<p><script async src=\"https:\/\/platform.twitter.com\/widgets.js\" charset=\"utf-8\"><\/script><\/p>\n","protected":false},"excerpt":{"rendered":"Numa gruta em Casablanca, a \u201cGrotte \u00e0 Hominid\u00e9s\u201d (Caverna dos Homin\u00eddeos), foram desenterrados f\u00f3sseis de ossos e dentes&hellip;\n","protected":false},"author":2,"featured_media":227696,"comment_status":"","ping_status":"","sticky":false,"template":"","format":"standard","meta":{"footnotes":""},"categories":[84],"tags":[3504,109,107,108,442,11081,32,33,105,103,104,58,106,110],"class_list":{"0":"post-227695","1":"post","2":"type-post","3":"status-publish","4":"format-standard","5":"has-post-thumbnail","7":"category-ciencia-e-tecnologia","8":"tag-arqueologia","9":"tag-ciencia","10":"tag-ciencia-e-tecnologia","11":"tag-cienciaetecnologia","12":"tag-ciu00eancia","13":"tag-homem","14":"tag-portugal","15":"tag-pt","16":"tag-science","17":"tag-science-and-technology","18":"tag-scienceandtechnology","19":"tag-sociedade","20":"tag-technology","21":"tag-tecnologia"},"share_on_mastodon":{"url":"https:\/\/pubeurope.com\/@pt\/115891242450739132","error":""},"_links":{"self":[{"href":"https:\/\/www.europesays.com\/pt\/wp-json\/wp\/v2\/posts\/227695","targetHints":{"allow":["GET"]}}],"collection":[{"href":"https:\/\/www.europesays.com\/pt\/wp-json\/wp\/v2\/posts"}],"about":[{"href":"https:\/\/www.europesays.com\/pt\/wp-json\/wp\/v2\/types\/post"}],"author":[{"embeddable":true,"href":"https:\/\/www.europesays.com\/pt\/wp-json\/wp\/v2\/users\/2"}],"replies":[{"embeddable":true,"href":"https:\/\/www.europesays.com\/pt\/wp-json\/wp\/v2\/comments?post=227695"}],"version-history":[{"count":0,"href":"https:\/\/www.europesays.com\/pt\/wp-json\/wp\/v2\/posts\/227695\/revisions"}],"wp:featuredmedia":[{"embeddable":true,"href":"https:\/\/www.europesays.com\/pt\/wp-json\/wp\/v2\/media\/227696"}],"wp:attachment":[{"href":"https:\/\/www.europesays.com\/pt\/wp-json\/wp\/v2\/media?parent=227695"}],"wp:term":[{"taxonomy":"category","embeddable":true,"href":"https:\/\/www.europesays.com\/pt\/wp-json\/wp\/v2\/categories?post=227695"},{"taxonomy":"post_tag","embeddable":true,"href":"https:\/\/www.europesays.com\/pt\/wp-json\/wp\/v2\/tags?post=227695"}],"curies":[{"name":"wp","href":"https:\/\/api.w.org\/{rel}","templated":true}]}}