{"id":227706,"date":"2026-01-14T03:16:08","date_gmt":"2026-01-14T03:16:08","guid":{"rendered":"https:\/\/www.europesays.com\/pt\/227706\/"},"modified":"2026-01-14T03:16:08","modified_gmt":"2026-01-14T03:16:08","slug":"sergio-conceicao-ja-trabalhei-em-muitos-paises-mas-nunca-vi-um-jogo-como-este","status":"publish","type":"post","link":"https:\/\/www.europesays.com\/pt\/227706\/","title":{"rendered":"S\u00e9rgio Concei\u00e7\u00e3o: \u00abJ\u00e1 trabalhei em muitos pa\u00edses, mas nunca vi um jogo como este\u00bb"},"content":{"rendered":"<p>S\u00e9rgio Concei\u00e7\u00e3o, treinador do Al Ittihad, estava visivelmente insatisfeito depois do empate (1-1) com o Damac, de Armando Evangelista, na 15.\u00aa jornada da liga saudita. O ex-treinador do <a class=\"autolink-enabled\" data-resource-id=\"451\" data-resource-type=\"team\" data-sport=\"football\" href=\"https:\/\/www.abola.pt\/futebol\/fc-porto-451\" rel=\"nofollow noopener\" target=\"_blank\">FC Porto<\/a> apontou o dedo \u00e0 arbitragem e \u00e0 estrat\u00e9gia da equipa do Damac.\u00a0<\/p>\n<p>\u00abSe fosse adepto e visse este espet\u00e1culo&#8230; Um espet\u00e1culo que n\u00e3o existiu, constantemente parado com a permiss\u00e3o de quem dirige o jogo, neste caso a arbitragem. E com a estrat\u00e9gia do advers\u00e1rio, a\u00ed n\u00e3o posso interferir. N\u00e3o o fa\u00e7o e nunca o fiz. Como treinador, treinando em equipas mais pequenas, nunca o fiz. J\u00e1 trabalhei em muitos pa\u00edses e enfrentei diferentes circunst\u00e2ncias, mas nunca vi um jogo como este. Mas o pr\u00f3prio treinador [Armando Evangelista] me veio dizer a mim que era a estrat\u00e9gia deles atirarem-se para o ch\u00e3o no final do jogo. Acho que isto n\u00e3o \u00e9 correto para ningu\u00e9m. Queremos promover o futebol saudita e n\u00e3o \u00e9 desta forma. A minha an\u00e1lise do jogo \u00e9 esta\u00bb, comentou, em confer\u00eancia de imprensa.\u00a0<\/p>\n<p>\u00abNa primeira parte, faltou intensidade e garra, mas jog\u00e1mos melhor na segunda e fomos melhores. As observa\u00e7\u00f5es sobre os jogadores ficam a cargo da equipa. Eu s\u00f3 avalio o que acontece em campo. Foram cometidos erros claros e vamos trabalhar para corrigi-los\u00bb, prosseguiu, recusando-se a falar sobre o mercado de transfer\u00eancias.\u00a0<\/p>\n<p>\u00abN\u00e3o gosto de falar sobre o mercado. O que me importa \u00e9 que os jogadores que representem a equipa tenham um esp\u00edrito forte e lutem pelo emblema do Al Ittihad\u00bb, completou.\u00a0<\/p>\n<p>O Al Ittihad, que interrompeu uma s\u00e9rie de cinco vit\u00f3rias seguidas para todas as competi\u00e7\u00f5es, \u00e9 sexto classificado na liga saudita, com 27 pontos, a 11 do l\u00edder Al Hilal.\u00a0<\/p>\n","protected":false},"excerpt":{"rendered":"S\u00e9rgio Concei\u00e7\u00e3o, treinador do Al Ittihad, estava visivelmente insatisfeito depois do empate (1-1) com o Damac, de Armando&hellip;\n","protected":false},"author":2,"featured_media":227707,"comment_status":"","ping_status":"","sticky":false,"template":"","format":"standard","meta":{"footnotes":""},"categories":[87],"tags":[135,32,33,134],"class_list":{"0":"post-227706","1":"post","2":"type-post","3":"status-publish","4":"format-standard","5":"has-post-thumbnail","7":"category-desporto","8":"tag-desporto","9":"tag-portugal","10":"tag-pt","11":"tag-sports"},"share_on_mastodon":{"url":"https:\/\/pubeurope.com\/@pt\/115891285828941889","error":""},"_links":{"self":[{"href":"https:\/\/www.europesays.com\/pt\/wp-json\/wp\/v2\/posts\/227706","targetHints":{"allow":["GET"]}}],"collection":[{"href":"https:\/\/www.europesays.com\/pt\/wp-json\/wp\/v2\/posts"}],"about":[{"href":"https:\/\/www.europesays.com\/pt\/wp-json\/wp\/v2\/types\/post"}],"author":[{"embeddable":true,"href":"https:\/\/www.europesays.com\/pt\/wp-json\/wp\/v2\/users\/2"}],"replies":[{"embeddable":true,"href":"https:\/\/www.europesays.com\/pt\/wp-json\/wp\/v2\/comments?post=227706"}],"version-history":[{"count":0,"href":"https:\/\/www.europesays.com\/pt\/wp-json\/wp\/v2\/posts\/227706\/revisions"}],"wp:featuredmedia":[{"embeddable":true,"href":"https:\/\/www.europesays.com\/pt\/wp-json\/wp\/v2\/media\/227707"}],"wp:attachment":[{"href":"https:\/\/www.europesays.com\/pt\/wp-json\/wp\/v2\/media?parent=227706"}],"wp:term":[{"taxonomy":"category","embeddable":true,"href":"https:\/\/www.europesays.com\/pt\/wp-json\/wp\/v2\/categories?post=227706"},{"taxonomy":"post_tag","embeddable":true,"href":"https:\/\/www.europesays.com\/pt\/wp-json\/wp\/v2\/tags?post=227706"}],"curies":[{"name":"wp","href":"https:\/\/api.w.org\/{rel}","templated":true}]}}